{"id":7080,"date":"2025-05-31T23:38:48","date_gmt":"2025-05-31T21:38:48","guid":{"rendered":"https:\/\/www.posticum.ro\/?p=7080"},"modified":"2025-05-05T12:50:14","modified_gmt":"2025-05-05T10:50:14","slug":"may-31-jazzterrace-2025-grencso-port-lewis-jordan-ft-sandi-poindexter","status":"publish","type":"post","link":"https:\/\/www.posticum.ro\/ro\/may-31-jazzterrace-2025-grencso-port-lewis-jordan-ft-sandi-poindexter\/","title":{"rendered":"31 MAI \/\/ JAZZTERRACE 2025: GRENCS\u00d3 PORT &amp; LEWIS JORDAN ft. SANDI POINDEXTER"},"content":{"rendered":"<div data-elementor-type=\"wp-post\" data-elementor-id=\"7080\" class=\"elementor elementor-7080\">\n\t\t\t\t\t\t<section class=\"has_eae_slider elementor-section elementor-top-section elementor-element elementor-element-e4882f6 elementor-section-boxed elementor-section-height-default elementor-section-height-default\" data-id=\"e4882f6\" data-element_type=\"section\">\n\t\t\t\t\t\t<div class=\"elementor-container elementor-column-gap-default\">\n\t\t\t\t\t<div class=\"has_eae_slider elementor-column elementor-col-100 elementor-top-column elementor-element elementor-element-8f9e5b9\" data-id=\"8f9e5b9\" data-element_type=\"column\">\n\t\t\t<div class=\"elementor-widget-wrap elementor-element-populated\">\n\t\t\t\t\t\t<div class=\"elementor-element elementor-element-72dbde8 elementor-widget elementor-widget-image\" data-id=\"72dbde8\" data-element_type=\"widget\" data-widget_type=\"image.default\">\n\t\t\t\t<div class=\"elementor-widget-container\">\n\t\t\t\t\t\t\t\t\t\t\t\t\t\t\t<img fetchpriority=\"high\" decoding=\"async\" width=\"750\" height=\"500\" src=\"https:\/\/www.posticum.ro\/wp-content\/uploads\/2025\/05\/MSQTO-LJFS-20210824-028-1024x682.jpeg\" class=\"attachment-large size-large wp-image-7082\" alt=\"\" srcset=\"https:\/\/www.posticum.ro\/wp-content\/uploads\/2025\/05\/MSQTO-LJFS-20210824-028-1024x682.jpeg 1024w, https:\/\/www.posticum.ro\/wp-content\/uploads\/2025\/05\/MSQTO-LJFS-20210824-028-300x200.jpeg 300w, https:\/\/www.posticum.ro\/wp-content\/uploads\/2025\/05\/MSQTO-LJFS-20210824-028-768x512.jpeg 768w, https:\/\/www.posticum.ro\/wp-content\/uploads\/2025\/05\/MSQTO-LJFS-20210824-028-18x12.jpeg 18w, https:\/\/www.posticum.ro\/wp-content\/uploads\/2025\/05\/MSQTO-LJFS-20210824-028-360x240.jpeg 360w, https:\/\/www.posticum.ro\/wp-content\/uploads\/2025\/05\/MSQTO-LJFS-20210824-028.jpeg 1280w\" sizes=\"(max-width: 750px) 100vw, 750px\" \/>\t\t\t\t\t\t\t\t\t\t\t\t\t\t\t<\/div>\n\t\t\t\t<\/div>\n\t\t\t\t<div class=\"elementor-element elementor-element-e696d35 elementor-widget elementor-widget-text-editor\" data-id=\"e696d35\" data-element_type=\"widget\" data-widget_type=\"text-editor.default\">\n\t\t\t\t<div class=\"elementor-widget-container\">\n\t\t\t\t\t\t\t\t\t<p>2025 31 mai. <br \/><strong>GRENCS\u00d3 PORT &amp; LEWIS JORDAN ft. SANDI POINDEXTER<br \/><\/strong>*admitere: dona\u021bie | \u00eencepere: 20:00<\/p><p>Istv\u00e1n Grencs\u00f3 - instrumente de suflat<br \/>Lewis Jordan - saxofon alto, poezie<br \/>Sandi Poindexter - vioar\u0103, voce<br \/>R\u00f3bert Benk\u0151 - Bas<br \/>Szilveszter Mikl\u00f3s - Tobe<\/p><p>Faimo\u0219ii Grencs\u00f3 Istv\u00e1n \u0219i Lewis Jordan ni se al\u0103tur\u0103 din nou la Posticum! Ultimele lor dou\u0103 apari\u021bii au fost evenimente de scufundare ad\u00e2nc\u0103 \u00een poezie cu muzic\u0103.<br \/>Timp de peste 20 de ani, Grencs\u00f3 \u0219i Iordania au savurat leg\u0103tura lor interna\u021bional\u0103 - de data aceasta, Sandi Poindexter va \u00eencheia proiectul!<\/p><p>Asculta\u021bi acest aperitiv: <br \/><a href=\"https:\/\/youtu.be\/sBnZykfZRto\"><strong>Grencs\u00f3 cu Lewis Jordan \u00a0<\/strong> (YouTube)<\/a><\/p><p>&#8212; &#8212; &#8212;<\/p><p>*rezervare loc: <strong><a href=\"https:\/\/posticumbooks.org\/termek\/in-concert-grencso-jordan-poindexter-31-05-2025-20-00\/\" target=\"_blank\" rel=\"noopener\">LOCURIREZERVARE CONCERT POSTICUM<\/a><\/strong><\/p><p>&#8212; &#8212; &#8212;<br \/>*RO<br \/>Participarea la eveniment se face pe baz\u0103 de rezervare \u0219i dona\u021bie, 70 RON\/persoan\u0103 pentru adul\u021bi \u0219i 30 RON\/persoan\u0103 pentru elevi \u0219i studen\u021bi.<br \/>Rezervarea locului se poate asigura prin ad\u0103ugarea evenimentului \u0219i a num\u0103rului dorit de participan\u021bi \u00een co\u0219.<br \/>Ve\u021bi primi o confirmare a transferului, pe care v\u0103 rug\u0103m s-o prezenta\u021bi la intrare. V\u0103 mul\u021bumim!<\/p><p>&#8212; &#8212; &#8212;<br \/>*HU<br \/>Participarea se face pe baz\u0103 de rezervare \u0219i dona\u021bie, adul\u021bi 70 RON\/persoan\u0103, studen\u021bi 30 RON\/persoan\u0103.<br \/>Rezerv\u0103rile se fac prin ad\u0103ugarea evenimentului la co\u0219. V\u0103 rug\u0103m s\u0103 aduce\u021bi confirmarea cu dvs. la concert. V\u0103 mul\u021bumim!<\/p><p>Ne vedem \u00een cur\u00e2nd!!<\/p>\t\t\t\t\t\t\t\t<\/div>\n\t\t\t\t<\/div>\n\t\t\t\t\t<\/div>\n\t\t<\/div>\n\t\t\t\t\t<\/div>\n\t\t<\/section>\n\t\t\t\t<\/div>","protected":false},"excerpt":{"rendered":"<p>2025 May 31. GRENCS\u00d3 PORT &amp; LEWIS JORDAN ft. SANDI POINDEXTER*admission: donation | start: 20:00 Grencs\u00f3 Istv\u00e1n \u2013 wind instrumentsLewis Jordan \u2013 alto saxophone, poetrySandi Poindexter \u2013 violin, voiceBenk\u0151 R\u00f3bert \u2013 BassMikl\u00f3s Szilveszter \u2013 Drums Famous Grencs\u00f3 Istv\u00e1n &amp; Lewis Jordan are joining us at Posticum again! Their last two [&hellip;]<\/p>","protected":false},"author":2,"featured_media":0,"comment_status":"open","ping_status":"open","sticky":false,"template":"","format":"standard","meta":{"_exactmetrics_skip_tracking":false,"_exactmetrics_sitenote_active":false,"_exactmetrics_sitenote_note":"","_exactmetrics_sitenote_category":0,"footnotes":""},"categories":[1,27,31],"tags":[153,22,207,154,208],"class_list":["post-7080","post","type-post","status-publish","format-standard","hentry","category-egyeb","category-koncert","category-kulturalis-program","tag-istvan-grencso","tag-jazz","tag-jazzterrace-2025","tag-lewis-jordan","tag-sandi-poindexter"],"_links":{"self":[{"href":"https:\/\/www.posticum.ro\/ro\/wp-json\/wp\/v2\/posts\/7080","targetHints":{"allow":["GET"]}}],"collection":[{"href":"https:\/\/www.posticum.ro\/ro\/wp-json\/wp\/v2\/posts"}],"about":[{"href":"https:\/\/www.posticum.ro\/ro\/wp-json\/wp\/v2\/types\/post"}],"author":[{"embeddable":true,"href":"https:\/\/www.posticum.ro\/ro\/wp-json\/wp\/v2\/users\/2"}],"replies":[{"embeddable":true,"href":"https:\/\/www.posticum.ro\/ro\/wp-json\/wp\/v2\/comments?post=7080"}],"version-history":[{"count":10,"href":"https:\/\/www.posticum.ro\/ro\/wp-json\/wp\/v2\/posts\/7080\/revisions"}],"predecessor-version":[{"id":7091,"href":"https:\/\/www.posticum.ro\/ro\/wp-json\/wp\/v2\/posts\/7080\/revisions\/7091"}],"wp:attachment":[{"href":"https:\/\/www.posticum.ro\/ro\/wp-json\/wp\/v2\/media?parent=7080"}],"wp:term":[{"taxonomy":"category","embeddable":true,"href":"https:\/\/www.posticum.ro\/ro\/wp-json\/wp\/v2\/categories?post=7080"},{"taxonomy":"post_tag","embeddable":true,"href":"https:\/\/www.posticum.ro\/ro\/wp-json\/wp\/v2\/tags?post=7080"}],"curies":[{"name":"wp","href":"https:\/\/api.w.org\/{rel}","templated":true}]}}