{"id":6988,"date":"2025-04-16T23:44:56","date_gmt":"2025-04-16T21:44:56","guid":{"rendered":"https:\/\/www.posticum.ro\/?p=6988"},"modified":"2025-04-13T17:44:02","modified_gmt":"2025-04-13T15:44:02","slug":"april-16-6pm-az-elet-vendege-a-guest-of-life","status":"publish","type":"post","link":"https:\/\/www.posticum.ro\/ro\/april-16-6pm-az-elet-vendege-a-guest-of-life\/","title":{"rendered":"16 APRILIE - 19:00 \/\/ IN CONCERT: GREENCOAST &amp; SPEAKER"},"content":{"rendered":"<div data-elementor-type=\"wp-post\" data-elementor-id=\"6988\" class=\"elementor elementor-6988\">\n\t\t\t\t\t\t<section class=\"has_eae_slider elementor-section elementor-top-section elementor-element elementor-element-8a8c1cd elementor-section-boxed elementor-section-height-default elementor-section-height-default\" data-id=\"8a8c1cd\" data-element_type=\"section\">\n\t\t\t\t\t\t<div class=\"elementor-container elementor-column-gap-default\">\n\t\t\t\t\t<div class=\"has_eae_slider elementor-column elementor-col-100 elementor-top-column elementor-element elementor-element-5576162\" data-id=\"5576162\" data-element_type=\"column\">\n\t\t\t<div class=\"elementor-widget-wrap elementor-element-populated\">\n\t\t\t\t\t\t<div class=\"elementor-element elementor-element-8046ea0 elementor-widget elementor-widget-image\" data-id=\"8046ea0\" data-element_type=\"widget\" data-widget_type=\"image.default\">\n\t\t\t\t<div class=\"elementor-widget-container\">\n\t\t\t\t\t\t\t\t\t\t\t\t\t\t\t<img fetchpriority=\"high\" decoding=\"async\" width=\"750\" height=\"531\" src=\"https:\/\/www.posticum.ro\/wp-content\/uploads\/2025\/04\/Element-2-1.png\" class=\"attachment-large size-large wp-image-7019\" alt=\"\" srcset=\"https:\/\/www.posticum.ro\/wp-content\/uploads\/2025\/04\/Element-2-1.png 854w, https:\/\/www.posticum.ro\/wp-content\/uploads\/2025\/04\/Element-2-1-300x213.png 300w, https:\/\/www.posticum.ro\/wp-content\/uploads\/2025\/04\/Element-2-1-768x544.png 768w, https:\/\/www.posticum.ro\/wp-content\/uploads\/2025\/04\/Element-2-1-18x12.png 18w\" sizes=\"(max-width: 750px) 100vw, 750px\" \/>\t\t\t\t\t\t\t\t\t\t\t\t\t\t\t<\/div>\n\t\t\t\t<\/div>\n\t\t\t\t<div class=\"elementor-element elementor-element-eb41e4d elementor-widget elementor-widget-text-editor\" data-id=\"eb41e4d\" data-element_type=\"widget\" data-widget_type=\"text-editor.default\">\n\t\t\t\t<div class=\"elementor-widget-container\">\n\t\t\t\t\t\t\t\t\t<h6>\u00ceN CONCERT: GRENCS\u00d3 &amp; SEMZ\u0150<br \/>Koncert vetit\u00e9ssel \/ Spectacol live cu imagini<\/h6><p>POSTICUM, aula magna, 16 aprilie, 19:00<br \/><em>intrare: dona\u021bie<\/em><\/p><p><strong>Istv\u00e1n Grencs\u00f3<\/strong> \u0219i <strong>Tibor Szemz\u0151<\/strong> au c\u00e2ntat \u00eempreun\u0103 din c\u00e2nd \u00een c\u00e2nd timp de peste patruzeci de ani. Grencs\u00f3 a contribuit la muzica Csoma Szemz\u0151 a lui Szemz\u0151, la fel cum Szemz\u0151 a contribuit la albumul Dream Car al lui Grencs\u00f3, \u0219i au c\u00e2ntat \u00eempreun\u0103 \u00een numeroase spectacole de-a lungul deceniilor. Concertul de fa\u021b\u0103 face parte dintr-o serie \u00een care cei doi interpre\u021bi de duo capteaz\u0103 poten\u021bialul momentului \u00eentr-o forma\u021bie de duo. \u00cen aceast\u0103 sear\u0103, ei vor explora sunetele bogate \u0219i variate ale instrumentelor lor, precum \u0219i literatura \u0219i filmul.<\/p><p>\/\/<\/p><p><strong>Istv\u00e1n Grencs\u00f3<\/strong> \u0219i <strong>Tibor Szemz\u0151<\/strong> au f\u0103cut muzic\u0103 \u00eempreun\u0103 din c\u00e2nd \u00een c\u00e2nd timp de aproape patruzeci de ani. Grencs\u00f3 a contribuit la cartea lui Szemz\u0151 <em>Csoma Muzic\u0103<\/em> la fel cum Szemz\u0151 a jucat un rol \u00een proiectele lui Grencs\u00f3 <em>Ma\u0219in\u0103 de vis<\/em> album. De-a lungul deceniilor, au c\u00e2ntat \u00eempreun\u0103 \u00een numeroase ocazii. Acest concert face parte dintr-o serie \u00een care cei doi arti\u0219ti, interpret\u00e2nd \u00een duo, exploreaz\u0103 posibilit\u0103\u021bile prezen\u021bei \u00een momentul dat. \u00cen aceast\u0103 sear\u0103, pe l\u00e2ng\u0103 sunetele bogate \u0219i diverse ale instrumentelor lor, ei se vor aventura \u0219i pe t\u0103r\u00e2mul literaturii \u0219i al filmului.<\/p><p><\/p>\t\t\t\t\t\t\t\t<\/div>\n\t\t\t\t<\/div>\n\t\t\t\t\t<\/div>\n\t\t<\/div>\n\t\t\t\t\t<\/div>\n\t\t<\/section>\n\t\t\t\t<\/div>","protected":false},"excerpt":{"rendered":"<p>IN CONCERT: GRENCS\u00d3 &amp; SZEMZ\u0150Koncert vetit\u00e9ssel \/ Live performance with visuals POSTICUM, aula magna, april 16., 7pmadmission: donation Grencs\u00f3 Istv\u00e1n \u00e9s Szemz\u0151 Tibor idestova negyven \u00e9ve zen\u00e9lnek id\u0151r\u0151l-id\u0151re k\u00f6z\u00f6sen. Grencs\u00f3 k\u00f6zrem\u0171k\u00f6d\u0151je volt Szemz\u0151 Csoma-zen\u00e9inek is, mik\u00e9nt Szemz\u0151 is szerepet v\u00e1llalt Grencs\u00f3 Dream Car lemez\u00e9n, emellett sz\u00e1mos el\u0151ad\u00e1son j\u00e1tszottak egy\u00fctt az [&hellip;]<\/p>","protected":false},"author":2,"featured_media":0,"comment_status":"closed","ping_status":"open","sticky":false,"template":"","format":"standard","meta":{"_exactmetrics_skip_tracking":false,"_exactmetrics_sitenote_active":false,"_exactmetrics_sitenote_note":"","_exactmetrics_sitenote_category":0,"footnotes":""},"categories":[30,1,10,14,18,33,27,31,32],"tags":[206,204,205],"class_list":["post-6988","post","type-post","status-publish","format-standard","hentry","category-csaladi-program","category-egyeb","category-egyeb-de","category-egyeb-hu","category-egyeb-ro","category-kepzes","category-koncert","category-kulturalis-program","category-nemzetkozi-program","tag-grencso-istvan","tag-korosi-csoma-sandor","tag-szemzo-tibor"],"_links":{"self":[{"href":"https:\/\/www.posticum.ro\/ro\/wp-json\/wp\/v2\/posts\/6988","targetHints":{"allow":["GET"]}}],"collection":[{"href":"https:\/\/www.posticum.ro\/ro\/wp-json\/wp\/v2\/posts"}],"about":[{"href":"https:\/\/www.posticum.ro\/ro\/wp-json\/wp\/v2\/types\/post"}],"author":[{"embeddable":true,"href":"https:\/\/www.posticum.ro\/ro\/wp-json\/wp\/v2\/users\/2"}],"replies":[{"embeddable":true,"href":"https:\/\/www.posticum.ro\/ro\/wp-json\/wp\/v2\/comments?post=6988"}],"version-history":[{"count":27,"href":"https:\/\/www.posticum.ro\/ro\/wp-json\/wp\/v2\/posts\/6988\/revisions"}],"predecessor-version":[{"id":7023,"href":"https:\/\/www.posticum.ro\/ro\/wp-json\/wp\/v2\/posts\/6988\/revisions\/7023"}],"wp:attachment":[{"href":"https:\/\/www.posticum.ro\/ro\/wp-json\/wp\/v2\/media?parent=6988"}],"wp:term":[{"taxonomy":"category","embeddable":true,"href":"https:\/\/www.posticum.ro\/ro\/wp-json\/wp\/v2\/categories?post=6988"},{"taxonomy":"post_tag","embeddable":true,"href":"https:\/\/www.posticum.ro\/ro\/wp-json\/wp\/v2\/tags?post=6988"}],"curies":[{"name":"wp","href":"https:\/\/api.w.org\/{rel}","templated":true}]}}