{"id":6931,"date":"2025-03-14T23:48:00","date_gmt":"2025-03-14T21:48:00","guid":{"rendered":"https:\/\/www.posticum.ro\/?p=6931"},"modified":"2025-03-10T10:14:59","modified_gmt":"2025-03-10T08:14:59","slug":"march-14-jazzbluesweekend-2025-cristian-copaciu-quartet","status":"publish","type":"post","link":"https:\/\/www.posticum.ro\/ro\/march-14-jazzbluesweekend-2025-cristian-copaciu-quartet\/","title":{"rendered":"14 MARTIE \/\/ JAZZ&amp;BLUESWEEKEND 2025: CRISTIAN COPACIU QUARTET"},"content":{"rendered":"<div data-elementor-type=\"wp-post\" data-elementor-id=\"6931\" class=\"elementor elementor-6931\">\n\t\t\t\t\t\t<section class=\"has_eae_slider elementor-section elementor-top-section elementor-element elementor-element-e4882f6 elementor-section-boxed elementor-section-height-default elementor-section-height-default\" data-id=\"e4882f6\" data-element_type=\"section\">\n\t\t\t\t\t\t<div class=\"elementor-container elementor-column-gap-default\">\n\t\t\t\t\t<div class=\"has_eae_slider elementor-column elementor-col-100 elementor-top-column elementor-element elementor-element-8f9e5b9\" data-id=\"8f9e5b9\" data-element_type=\"column\">\n\t\t\t<div class=\"elementor-widget-wrap elementor-element-populated\">\n\t\t\t\t\t\t<div class=\"elementor-element elementor-element-d6a7069 elementor-widget elementor-widget-image\" data-id=\"d6a7069\" data-element_type=\"widget\" data-widget_type=\"image.default\">\n\t\t\t\t<div class=\"elementor-widget-container\">\n\t\t\t\t\t\t\t\t\t\t\t\t\t\t\t<img fetchpriority=\"high\" decoding=\"async\" width=\"750\" height=\"422\" src=\"https:\/\/www.posticum.ro\/wp-content\/uploads\/2025\/03\/copaciu_hp-1024x576.png\" class=\"attachment-large size-large wp-image-6936\" alt=\"\" srcset=\"https:\/\/www.posticum.ro\/wp-content\/uploads\/2025\/03\/copaciu_hp-1024x576.png 1024w, https:\/\/www.posticum.ro\/wp-content\/uploads\/2025\/03\/copaciu_hp-300x169.png 300w, https:\/\/www.posticum.ro\/wp-content\/uploads\/2025\/03\/copaciu_hp-768x432.png 768w, https:\/\/www.posticum.ro\/wp-content\/uploads\/2025\/03\/copaciu_hp-1536x864.png 1536w, https:\/\/www.posticum.ro\/wp-content\/uploads\/2025\/03\/copaciu_hp-18x10.png 18w, https:\/\/www.posticum.ro\/wp-content\/uploads\/2025\/03\/copaciu_hp.png 1921w\" sizes=\"(max-width: 750px) 100vw, 750px\" \/>\t\t\t\t\t\t\t\t\t\t\t\t\t\t\t<\/div>\n\t\t\t\t<\/div>\n\t\t\t\t<div class=\"elementor-element elementor-element-e696d35 elementor-widget elementor-widget-text-editor\" data-id=\"e696d35\" data-element_type=\"widget\" data-widget_type=\"text-editor.default\">\n\t\t\t\t<div class=\"elementor-widget-container\">\n\t\t\t\t\t\t\t\t\t<p><strong>CVARTETUL CRISTIAN COPACIU<\/strong><br \/><strong><\/strong><\/p><p>Cristi Copaciu - chitar\u0103<br \/>Laszlo Sandor - Bas <br \/>Andrei M\u00e2nzat - pian<br \/>Frankie Ercsei - tobe<\/p><p>intrare: dona\u021bie* \/\/ start: 18:00<\/p><p>Chitarist t\u00e2n\u0103r, talentat \u0219i determinat, care c\u00e2nt\u0103 o gam\u0103 larg\u0103 de stiluri, de la pop la jazz \u0219i de la blues la fusion. A \u00eenceput s\u0103 c\u00e2nte la chitar\u0103 la v\u00e2rsta de 13 ani, s-a dezvoltat rapid \u0219i a fost solicitat \u00een cur\u00e2nd s\u0103 se al\u0103ture diferitelor trupe \u0219i proiecte. A \u00eenceput s\u0103 predea chitara la v\u00e2rsta de 20 de ani. Minte creativ\u0103, suflet aventuros.<\/p><p>De-a lungul anilor, Cristian Copaciu a participat la diverse festivaluri de jazz \u0219i blues, relevante fiind: Bra\u0219ov Jazz Festival 2020, Brezoi Blues Festival, Br\u0103ila Blues &amp; Jazz Festival, Tu\u0219nad Gastro Blues Festival 2020 etc. Pe l\u00e2ng\u0103 aceast\u0103 zon\u0103 de jazz fusion \u0219i blues, Cristi a avut ocazia s\u0103 colaboreze \u00een zona de \u00eentre\u021binere.<\/p><p>Cristian Copaciu pe YouTube:<br \/><a href=\"https:\/\/www.youtube.com\/@CristiCopaciu\" target=\"_blank\" rel=\"noopener\"><strong>Cristian Copaciu\u00a0 <\/strong>pe YouTube<\/a><\/p><p><span class=\"x193iq5w xeuugli x13faqbe x1vvkbs x1xmvt09 x1lliihq x1s928wv xhkezso x1gmr53x x1cpjm7i x1fgarty x1943h6x xudqn12 x3x7a5m x6prxxf xvq8zen xo1l8bm xzsf02u\" dir=\"auto\"><br \/>* Participarea la eveniment se face pe baz\u0103 de rezervare \u0219i dona\u021bie: 70 RON de persoan\u0103 pentru adul\u021bi \u0219i 30 RON de persoan\u0103 pentru elevi \u0219i studen\u021bi.<br data-start=\"140\" data-end=\"143\" \/>V\u0103 pute\u021bi asigura rezervarea ad\u0103ug\u00e2nd evenimentul \u0219i num\u0103rul dorit de participan\u021bi \u00een co\u0219ul dvs. aici:<br \/><br data-start=\"252\" data-end=\"255\" \/><strong><a rel=\"noopener\" target=\"_blank\" data-start=\"255\" data-end=\"451\" href=\"https:\/\/posticumbooks.org\/en\/product\/koncert-2025-majus-14-cristian-copaciu-quartet-symbiosis-5\/\">REZERVARE<\/a><\/strong>-link<br \/><br data-start=\"451\" data-end=\"454\" \/>Ve\u021bi primi o confirmare a transferului, pe care v\u0103 rug\u0103m s\u0103 o prezenta\u021bi la intrare.<br \/><\/span><\/p><p>Ne vedem \u00een cur\u00e2nd!!<\/p>\t\t\t\t\t\t\t\t<\/div>\n\t\t\t\t<\/div>\n\t\t\t\t\t<\/div>\n\t\t<\/div>\n\t\t\t\t\t<\/div>\n\t\t<\/section>\n\t\t\t\t<\/div>","protected":false},"excerpt":{"rendered":"<p>CRISTIAN COPACIU QUARTET Cristi Copaciu - Chitar\u0103Laszlo Sandor - Bas Andrei M\u00e2nzat - PianFrankie Ercsei - Tobe intrare: dona\u021bie* \/\/ start: 18:00 T\u00e2n\u0103r, talentat \u0219i determinat chitarist care abordeaz\u0103 o gam\u0103 larg\u0103 de stiluri, de la pop la jazz \u0219i de la blues la fusion.<\/p>","protected":false},"author":2,"featured_media":0,"comment_status":"open","ping_status":"open","sticky":false,"template":"","format":"standard","meta":{"_exactmetrics_skip_tracking":false,"_exactmetrics_sitenote_active":false,"_exactmetrics_sitenote_note":"","_exactmetrics_sitenote_category":0,"footnotes":""},"categories":[1,27,31],"tags":[195,46,196,22,194,175],"class_list":["post-6931","post","type-post","status-publish","format-standard","hentry","category-egyeb","category-koncert","category-kulturalis-program","tag-andrei-manzat","tag-cristian-copaciu","tag-frankie-ercsei","tag-jazz","tag-jazzweekend-2025","tag-laszlo-sandor"],"_links":{"self":[{"href":"https:\/\/www.posticum.ro\/ro\/wp-json\/wp\/v2\/posts\/6931","targetHints":{"allow":["GET"]}}],"collection":[{"href":"https:\/\/www.posticum.ro\/ro\/wp-json\/wp\/v2\/posts"}],"about":[{"href":"https:\/\/www.posticum.ro\/ro\/wp-json\/wp\/v2\/types\/post"}],"author":[{"embeddable":true,"href":"https:\/\/www.posticum.ro\/ro\/wp-json\/wp\/v2\/users\/2"}],"replies":[{"embeddable":true,"href":"https:\/\/www.posticum.ro\/ro\/wp-json\/wp\/v2\/comments?post=6931"}],"version-history":[{"count":10,"href":"https:\/\/www.posticum.ro\/ro\/wp-json\/wp\/v2\/posts\/6931\/revisions"}],"predecessor-version":[{"id":6949,"href":"https:\/\/www.posticum.ro\/ro\/wp-json\/wp\/v2\/posts\/6931\/revisions\/6949"}],"wp:attachment":[{"href":"https:\/\/www.posticum.ro\/ro\/wp-json\/wp\/v2\/media?parent=6931"}],"wp:term":[{"taxonomy":"category","embeddable":true,"href":"https:\/\/www.posticum.ro\/ro\/wp-json\/wp\/v2\/categories?post=6931"},{"taxonomy":"post_tag","embeddable":true,"href":"https:\/\/www.posticum.ro\/ro\/wp-json\/wp\/v2\/tags?post=6931"}],"curies":[{"name":"wp","href":"https:\/\/api.w.org\/{rel}","templated":true}]}}