{"id":5157,"date":"2024-08-30T23:37:43","date_gmt":"2024-08-30T21:37:43","guid":{"rendered":"https:\/\/www.posticum.ro\/?p=5157"},"modified":"2024-08-10T18:48:40","modified_gmt":"2024-08-10T16:48:40","slug":"august-30-jazzterrace-2024-bagyi-balazs-new-quartet","status":"publish","type":"post","link":"https:\/\/www.posticum.ro\/ro\/august-30-jazzterrace-2024-bagyi-balazs-new-quartet\/","title":{"rendered":"30 AUGUST \/\/ JAZZTERRACE 2024: NOUL CVARTET B\u00c1GYI BAL\u00c1ZS"},"content":{"rendered":"<div data-elementor-type=\"wp-post\" data-elementor-id=\"5157\" class=\"elementor elementor-5157\">\n\t\t\t\t\t\t<section class=\"has_eae_slider elementor-section elementor-top-section elementor-element elementor-element-e4882f6 elementor-section-boxed elementor-section-height-default elementor-section-height-default\" data-id=\"e4882f6\" data-element_type=\"section\">\n\t\t\t\t\t\t<div class=\"elementor-container elementor-column-gap-default\">\n\t\t\t\t\t<div class=\"has_eae_slider elementor-column elementor-col-100 elementor-top-column elementor-element elementor-element-8f9e5b9\" data-id=\"8f9e5b9\" data-element_type=\"column\">\n\t\t\t<div class=\"elementor-widget-wrap elementor-element-populated\">\n\t\t\t\t\t\t<div class=\"elementor-element elementor-element-72dbde8 elementor-widget elementor-widget-image\" data-id=\"72dbde8\" data-element_type=\"widget\" data-widget_type=\"image.default\">\n\t\t\t\t<div class=\"elementor-widget-container\">\n\t\t\t\t\t\t\t\t\t\t\t\t\t\t\t<img fetchpriority=\"high\" decoding=\"async\" width=\"750\" height=\"393\" src=\"https:\/\/www.posticum.ro\/wp-content\/uploads\/2024\/08\/BAGYI-BALAZS-NEW-QUARTET-1024x536.png\" class=\"attachment-large size-large wp-image-5159\" alt=\"\" srcset=\"https:\/\/www.posticum.ro\/wp-content\/uploads\/2024\/08\/BAGYI-BALAZS-NEW-QUARTET-1024x536.png 1024w, https:\/\/www.posticum.ro\/wp-content\/uploads\/2024\/08\/BAGYI-BALAZS-NEW-QUARTET-300x157.png 300w, https:\/\/www.posticum.ro\/wp-content\/uploads\/2024\/08\/BAGYI-BALAZS-NEW-QUARTET-768x402.png 768w, https:\/\/www.posticum.ro\/wp-content\/uploads\/2024\/08\/BAGYI-BALAZS-NEW-QUARTET-1536x804.png 1536w, https:\/\/www.posticum.ro\/wp-content\/uploads\/2024\/08\/BAGYI-BALAZS-NEW-QUARTET.png 1921w\" sizes=\"(max-width: 750px) 100vw, 750px\" \/>\t\t\t\t\t\t\t\t\t\t\t\t\t\t\t<\/div>\n\t\t\t\t<\/div>\n\t\t\t\t<div class=\"elementor-element elementor-element-e696d35 elementor-widget elementor-widget-text-editor\" data-id=\"e696d35\" data-element_type=\"widget\" data-widget_type=\"text-editor.default\">\n\t\t\t\t<div class=\"elementor-widget-container\">\n\t\t\t\t\t\t\t\t\t<p>2024 30 august.<br \/><strong>BAL\u00c1ZS B\u00c1GYI CVARTET NOU<\/strong><br \/><strong><\/strong><\/p><div class=\"x11i5rnm xat24cr x1mh8g0r x1vvkbs xtlvy1s\"><p>Bal\u00e1zs B\u00e1gyi - tobe<br class=\"html-br\" \/>Soso Lakatos - saxofon<br class=\"html-br\" \/>Dezs\u0151 Ol\u00e1h - pian<br class=\"html-br\" \/>P\u00e9ter Ol\u00e1h - bas<\/p><\/div><div class=\"x11i5rnm xat24cr x1mh8g0r x1vvkbs xtlvy1s\">intrare: dona\u021bie \/\/ start: 19:00<br \/><br \/><\/div><div class=\"x11i5rnm xat24cr x1mh8g0r x1vvkbs xtlvy1s\"><p>Tobo\u0219arul \u0219i compozitorul Bal\u00e1zs B\u00e1gyi este unul dintre cei mai respecta\u021bi muzicieni ai scenei maghiare de jazz de ast\u0103zi, lucr\u00e2nd la nivel interna\u021bional, conduc\u00e2nd propriile sale trupe \u00een ultimele dou\u0103 decenii. Fiind membru al diferitelor trupe, el creeaz\u0103 muzic\u0103 aproape \u00een toate genurile, stilul s\u0103u melodic unic de a c\u00e2nta la tobe ofer\u0103 o experien\u021b\u0103 muzical\u0103 complex\u0103. A efectuat de mai multe ori turnee \u00een SUA \u0219i este singurul muzician maghiar de jazz care c\u00e2nt\u0103 \u00een mod regulat \u00een China. Precedentul s\u0103u cvartet, care a existat \u00een perioada 2004 - 2011, a fost o forma\u021bie foarte important\u0103 pe scena maghiar\u0103 de etno-jazz \u0219i world music. Muzica noului s\u0103u cvartet con\u021bine mai pu\u021bin din fondul folcloric, dar sun\u0103 ca jazzul acustic pur de ast\u0103zi, bazat pe elemente post-bop.<\/p><p>Asculta\u021bi asta: <strong><a href=\"https:\/\/youtu.be\/IiNwp3A1_wo?si=ON7vKW8RbimZFo-E\" target=\"_blank\" rel=\"noopener\">Bal\u00e1zs B\u00e1gyi New Quartet \/ Brave Heart (YouTube)<\/a><\/strong><\/p><\/div><div><\/div><div class=\"x11i5rnm xat24cr x1mh8g0r x1vvkbs xtlvy1s\"><p>Vizita\u021bi c\u0103: <strong><a href=\"http:\/\/www.balazsbagyi.com\/index.php\/en\/\" target=\"_blank\" rel=\"noopener\">www.balazsbagyi.com<\/a><\/strong><\/p><p>Ne vedem \u00een cur\u00e2nd!!<\/p><\/div>\t\t\t\t\t\t\t\t<\/div>\n\t\t\t\t<\/div>\n\t\t\t\t\t<\/div>\n\t\t<\/div>\n\t\t\t\t\t<\/div>\n\t\t<\/section>\n\t\t\t\t<\/div>","protected":false},"excerpt":{"rendered":"<p>2024 August 30.B\u00c1GYI BAL\u00c1ZS NEW QUARTET Bal\u00e1zs B\u00e1gyi &#8211; drumsSoso Lakatos &#8211; saxophoneDezs\u0151 Ol\u00e1h &#8211; pianoP\u00e9ter Ol\u00e1h &#8211; bass admission: donation \/\/ start: 19:00 Drummer and composer Bal\u00e1zs B\u00e1gyi is one of the most respected musicians of the Hungarian jazz scene today, working internationally, leading his own bands over the [&hellip;]<\/p>","protected":false},"author":2,"featured_media":0,"comment_status":"open","ping_status":"open","sticky":false,"template":"","format":"standard","meta":{"_exactmetrics_skip_tracking":false,"_exactmetrics_sitenote_active":false,"_exactmetrics_sitenote_note":"","_exactmetrics_sitenote_category":0,"footnotes":""},"categories":[1,27,31],"tags":[157,179,22,152,180,178],"class_list":["post-5157","post","type-post","status-publish","format-standard","hentry","category-egyeb","category-koncert","category-kulturalis-program","tag-bagyi-balazs","tag-dezsa-olah","tag-jazz","tag-jazzterrace-2024","tag-peter-olah","tag-soso-lakatos"],"_links":{"self":[{"href":"https:\/\/www.posticum.ro\/ro\/wp-json\/wp\/v2\/posts\/5157","targetHints":{"allow":["GET"]}}],"collection":[{"href":"https:\/\/www.posticum.ro\/ro\/wp-json\/wp\/v2\/posts"}],"about":[{"href":"https:\/\/www.posticum.ro\/ro\/wp-json\/wp\/v2\/types\/post"}],"author":[{"embeddable":true,"href":"https:\/\/www.posticum.ro\/ro\/wp-json\/wp\/v2\/users\/2"}],"replies":[{"embeddable":true,"href":"https:\/\/www.posticum.ro\/ro\/wp-json\/wp\/v2\/comments?post=5157"}],"version-history":[{"count":7,"href":"https:\/\/www.posticum.ro\/ro\/wp-json\/wp\/v2\/posts\/5157\/revisions"}],"predecessor-version":[{"id":5165,"href":"https:\/\/www.posticum.ro\/ro\/wp-json\/wp\/v2\/posts\/5157\/revisions\/5165"}],"wp:attachment":[{"href":"https:\/\/www.posticum.ro\/ro\/wp-json\/wp\/v2\/media?parent=5157"}],"wp:term":[{"taxonomy":"category","embeddable":true,"href":"https:\/\/www.posticum.ro\/ro\/wp-json\/wp\/v2\/categories?post=5157"},{"taxonomy":"post_tag","embeddable":true,"href":"https:\/\/www.posticum.ro\/ro\/wp-json\/wp\/v2\/tags?post=5157"}],"curies":[{"name":"wp","href":"https:\/\/api.w.org\/{rel}","templated":true}]}}