{"id":5092,"date":"2024-07-19T23:57:32","date_gmt":"2024-07-19T21:57:32","guid":{"rendered":"https:\/\/www.posticum.ro\/?p=5092"},"modified":"2024-06-26T13:00:12","modified_gmt":"2024-06-26T11:00:12","slug":"july-19-jazzterrace-2024-cristian-copaciu-band","status":"publish","type":"post","link":"https:\/\/www.posticum.ro\/ro\/july-19-jazzterrace-2024-cristian-copaciu-band\/","title":{"rendered":"19 IULIE \/\/ JAZZTERRACE 2024: CRISTIAN COPACIU QUARTET"},"content":{"rendered":"<div data-elementor-type=\"wp-post\" data-elementor-id=\"5092\" class=\"elementor elementor-5092\">\n\t\t\t\t\t\t<section class=\"has_eae_slider elementor-section elementor-top-section elementor-element elementor-element-e4882f6 elementor-section-boxed elementor-section-height-default elementor-section-height-default\" data-id=\"e4882f6\" data-element_type=\"section\">\n\t\t\t\t\t\t<div class=\"elementor-container elementor-column-gap-default\">\n\t\t\t\t\t<div class=\"has_eae_slider elementor-column elementor-col-100 elementor-top-column elementor-element elementor-element-8f9e5b9\" data-id=\"8f9e5b9\" data-element_type=\"column\">\n\t\t\t<div class=\"elementor-widget-wrap elementor-element-populated\">\n\t\t\t\t\t\t<div class=\"elementor-element elementor-element-d6a7069 elementor-widget elementor-widget-image\" data-id=\"d6a7069\" data-element_type=\"widget\" data-widget_type=\"image.default\">\n\t\t\t\t<div class=\"elementor-widget-container\">\n\t\t\t\t\t\t\t\t\t\t\t\t\t\t\t<img fetchpriority=\"high\" decoding=\"async\" width=\"750\" height=\"393\" src=\"https:\/\/www.posticum.ro\/wp-content\/uploads\/2024\/07\/events_cristian-copaciu-1-1024x536.png\" class=\"attachment-large size-large wp-image-5117\" alt=\"\" srcset=\"https:\/\/www.posticum.ro\/wp-content\/uploads\/2024\/07\/events_cristian-copaciu-1-1024x536.png 1024w, https:\/\/www.posticum.ro\/wp-content\/uploads\/2024\/07\/events_cristian-copaciu-1-300x157.png 300w, https:\/\/www.posticum.ro\/wp-content\/uploads\/2024\/07\/events_cristian-copaciu-1-768x402.png 768w, https:\/\/www.posticum.ro\/wp-content\/uploads\/2024\/07\/events_cristian-copaciu-1-1536x804.png 1536w, https:\/\/www.posticum.ro\/wp-content\/uploads\/2024\/07\/events_cristian-copaciu-1.png 1921w\" sizes=\"(max-width: 750px) 100vw, 750px\" \/>\t\t\t\t\t\t\t\t\t\t\t\t\t\t\t<\/div>\n\t\t\t\t<\/div>\n\t\t\t\t<div class=\"elementor-element elementor-element-e696d35 elementor-widget elementor-widget-text-editor\" data-id=\"e696d35\" data-element_type=\"widget\" data-widget_type=\"text-editor.default\">\n\t\t\t\t<div class=\"elementor-widget-container\">\n\t\t\t\t\t\t\t\t\t<p>2024 iulie 19.<\/p><p><strong>CVARTETUL CRISTIAN COPACIU<\/strong><br \/><strong><\/strong><\/p><p>Cristi Copaciu - chitar\u0103<br \/>Laszlo Sandor - Bas<br \/>David Luca - Pian<br \/>Marc Pocola - tobe<\/p><p>intrare: dona\u021bie \/\/ start: 19:00<\/p><p>Chitarist t\u00e2n\u0103r, talentat \u0219i determinat, care c\u00e2nt\u0103 o gam\u0103 larg\u0103 de stiluri, de la pop la jazz \u0219i de la blues la fusion. A \u00eenceput s\u0103 c\u00e2nte la chitar\u0103 la v\u00e2rsta de 13 ani, s-a dezvoltat rapid \u0219i a fost solicitat \u00een cur\u00e2nd s\u0103 se al\u0103ture diferitelor trupe \u0219i proiecte. A \u00eenceput s\u0103 predea chitara la v\u00e2rsta de 20 de ani. Minte creativ\u0103, suflet aventuros.<\/p><p>De-a lungul anilor, Cristian Copaciu a participat la diverse festivaluri de jazz \u0219i blues, relevante fiind: Bra\u0219ov Jazz Festival 2020, Brezoi Blues Festival, Br\u0103ila Blues &amp; Jazz Festival, Tu\u0219nad Gastro Blues Festival 2020 etc. Pe l\u00e2ng\u0103 aceast\u0103 zon\u0103 de jazz fusion \u0219i blues, Cristi a avut ocazia s\u0103 colaboreze \u00een zona de \u00eentre\u021binere.<\/p><p>David Luca, un pianist talentat, c\u00e2\u0219tig\u0103tor al prestigioasei burse Berklee Aspire la Berklee College of Music din SUA, este absolvent al programelor de studii de jazz la Conservatorul din Amsterdam (CvA), inclusiv Keep an Eye Summer Jazz, Internationaler Jazz Workshop 2023 la Universitatea din Erlangen, Czech Jazz Workshop din Praga, International Jazzwerstatt Saarwellingen \u0219i al programului Composition - Jazz Piano Improvisation la Academia Na\u021bional\u0103 de Muzic\u0103 \"Gheorghe Dima\" din Cluj Napoca. \u00cen prezent, este student la Conservatorium Maastricht, sec\u021bia Jazz.<\/p><p>Marc Pocola este un multi-instrumentist, compozitor, produc\u0103tor \u0219i educator din Cluj-Napoca. Ca baterist, este cunoscut mai ales pentru jocul s\u0103u sensibil \u0219i melodic, dar \u0219i pentru interac\u021biunea receptiv\u0103 dintre el \u0219i colegii s\u0103i muzicieni.<\/p><p>Asculta\u021bi asta: <br \/><a href=\"https:\/\/www.youtube.com\/@CristiCopaciu\" target=\"_blank\" rel=\"noopener\"><strong>Cristian Copaciu\u00a0 <\/strong>pe YouTube<\/a><\/p><p><span class=\"x193iq5w xeuugli x13faqbe x1vvkbs x1xmvt09 x1lliihq x1s928wv xhkezso x1gmr53x x1cpjm7i x1fgarty x1943h6x xudqn12 x3x7a5m x6prxxf xvq8zen xo1l8bm xzsf02u\" dir=\"auto\"><br \/>Concertele de jazz de pe terasa Posticum sunt cu intrare liber\u0103 - \u00een schimb, le suger\u0103m oaspe\u021bilor no\u0219tri s\u0103 fac\u0103 o dona\u021bie de 25 RON pentru a sprijini proiectele sociale, culturale \u0219i educa\u021bionale ale asocia\u021biei Posticum Rom\u00e2nia.<br \/><\/span><\/p><p>Ne vedem \u00een cur\u00e2nd!!<\/p>\t\t\t\t\t\t\t\t<\/div>\n\t\t\t\t<\/div>\n\t\t\t\t\t<\/div>\n\t\t<\/div>\n\t\t\t\t\t<\/div>\n\t\t<\/section>\n\t\t\t\t<\/div>","protected":false},"excerpt":{"rendered":"<p>2024 July 19. CRISTIAN COPACIU QUARTET Cristi Copaciu &#8211; GuitarLaszlo Sandor &#8211; BassDavid Luca &#8211; PianoMarc Pocola &#8211; Drums admission: donation \/\/ start: 19:00 Young, talented and driven guitarist who plays a wide range of styles, from pop to jazz and from blues to fusion. Started playing guitar at the [&hellip;]<\/p>","protected":false},"author":2,"featured_media":0,"comment_status":"open","ping_status":"open","sticky":false,"template":"","format":"standard","meta":{"_exactmetrics_skip_tracking":false,"_exactmetrics_sitenote_active":false,"_exactmetrics_sitenote_note":"","_exactmetrics_sitenote_category":0,"footnotes":""},"categories":[1,27,31],"tags":[46,176,22,152,175,174],"class_list":["post-5092","post","type-post","status-publish","format-standard","hentry","category-egyeb","category-koncert","category-kulturalis-program","tag-cristian-copaciu","tag-david-luca","tag-jazz","tag-jazzterrace-2024","tag-laszlo-sandor","tag-marc-pocola"],"_links":{"self":[{"href":"https:\/\/www.posticum.ro\/ro\/wp-json\/wp\/v2\/posts\/5092","targetHints":{"allow":["GET"]}}],"collection":[{"href":"https:\/\/www.posticum.ro\/ro\/wp-json\/wp\/v2\/posts"}],"about":[{"href":"https:\/\/www.posticum.ro\/ro\/wp-json\/wp\/v2\/types\/post"}],"author":[{"embeddable":true,"href":"https:\/\/www.posticum.ro\/ro\/wp-json\/wp\/v2\/users\/2"}],"replies":[{"embeddable":true,"href":"https:\/\/www.posticum.ro\/ro\/wp-json\/wp\/v2\/comments?post=5092"}],"version-history":[{"count":29,"href":"https:\/\/www.posticum.ro\/ro\/wp-json\/wp\/v2\/posts\/5092\/revisions"}],"predecessor-version":[{"id":5139,"href":"https:\/\/www.posticum.ro\/ro\/wp-json\/wp\/v2\/posts\/5092\/revisions\/5139"}],"wp:attachment":[{"href":"https:\/\/www.posticum.ro\/ro\/wp-json\/wp\/v2\/media?parent=5092"}],"wp:term":[{"taxonomy":"category","embeddable":true,"href":"https:\/\/www.posticum.ro\/ro\/wp-json\/wp\/v2\/categories?post=5092"},{"taxonomy":"post_tag","embeddable":true,"href":"https:\/\/www.posticum.ro\/ro\/wp-json\/wp\/v2\/tags?post=5092"}],"curies":[{"name":"wp","href":"https:\/\/api.w.org\/{rel}","templated":true}]}}