{"id":5013,"date":"2024-07-13T23:50:09","date_gmt":"2024-07-13T21:50:09","guid":{"rendered":"https:\/\/www.posticum.ro\/?p=5013"},"modified":"2024-06-26T13:01:44","modified_gmt":"2024-06-26T11:01:44","slug":"july-13-jazzterrace-2024-balazs-jozsef-quintet","status":"publish","type":"post","link":"https:\/\/www.posticum.ro\/ro\/july-13-jazzterrace-2024-balazs-jozsef-quintet\/","title":{"rendered":"13 IULIE \/\/ JAZZTERRACE 2024: BAL\u00c1ZS J\u00d3ZSEF QUINTET"},"content":{"rendered":"<div data-elementor-type=\"wp-post\" data-elementor-id=\"5013\" class=\"elementor elementor-5013\">\n\t\t\t\t\t\t<section class=\"has_eae_slider elementor-section elementor-top-section elementor-element elementor-element-e4882f6 elementor-section-boxed elementor-section-height-default elementor-section-height-default\" data-id=\"e4882f6\" data-element_type=\"section\">\n\t\t\t\t\t\t<div class=\"elementor-container elementor-column-gap-default\">\n\t\t\t\t\t<div class=\"has_eae_slider elementor-column elementor-col-100 elementor-top-column elementor-element elementor-element-8f9e5b9\" data-id=\"8f9e5b9\" data-element_type=\"column\">\n\t\t\t<div class=\"elementor-widget-wrap elementor-element-populated\">\n\t\t\t\t\t\t<div class=\"elementor-element elementor-element-72dbde8 elementor-widget elementor-widget-image\" data-id=\"72dbde8\" data-element_type=\"widget\" data-widget_type=\"image.default\">\n\t\t\t\t<div class=\"elementor-widget-container\">\n\t\t\t\t\t\t\t\t\t\t\t\t\t\t\t<img fetchpriority=\"high\" decoding=\"async\" width=\"750\" height=\"393\" src=\"https:\/\/www.posticum.ro\/wp-content\/uploads\/2024\/06\/events_balazs-jozsef-1024x536.png\" class=\"attachment-large size-large wp-image-5079\" alt=\"\" srcset=\"https:\/\/www.posticum.ro\/wp-content\/uploads\/2024\/06\/events_balazs-jozsef-1024x536.png 1024w, https:\/\/www.posticum.ro\/wp-content\/uploads\/2024\/06\/events_balazs-jozsef-300x157.png 300w, https:\/\/www.posticum.ro\/wp-content\/uploads\/2024\/06\/events_balazs-jozsef-768x402.png 768w, https:\/\/www.posticum.ro\/wp-content\/uploads\/2024\/06\/events_balazs-jozsef-1536x804.png 1536w\" sizes=\"(max-width: 750px) 100vw, 750px\" \/>\t\t\t\t\t\t\t\t\t\t\t\t\t\t\t<\/div>\n\t\t\t\t<\/div>\n\t\t\t\t<div class=\"elementor-element elementor-element-e696d35 elementor-widget elementor-widget-text-editor\" data-id=\"e696d35\" data-element_type=\"widget\" data-widget_type=\"text-editor.default\">\n\t\t\t\t<div class=\"elementor-widget-container\">\n\t\t\t\t\t\t\t\t\t<p>2024 13 iulie.<\/p><p><strong>CVINTET BAL\u00c1ZS J\u00d3ZSEF<\/strong><br \/><strong><\/strong><\/p><p>J\u00f3zsef Bal\u00e1zs - pian<br \/>G\u00e1bor Cvikovszky - trompet\u0103<br \/>Zolt\u00e1n Zana - saxofon<br \/>Lakatos Pecek Kriszti\u00e1n - bas<br \/>Elem\u00e9r Bal\u00e1zs - tobe<\/p><p>intrare: dona\u021bie \/\/ start: 19:00<\/p><p>J\u00f3zsef Bal\u00e1zs a absolvit departamentul de jazz al Universit\u0103\u021bii de Muzic\u0103 Ferenc Liszt \u0219i a fost deja orientat spre jazz \u00een timpul form\u0103rii sale timpurii \u00een muzica clasic\u0103. Cu prima sa forma\u021bie, Bop Machine, a participat la numeroase concursuri, cum ar fi concursul Jazz Juniors din Cracovia, unde pianistul a primit premiul pentru cel mai bun solist. <br \/>Bal\u00e1zs J\u00f3zsef Quintet a fost \u00eenfiin\u021bat \u00een 2005, iar de-a lungul timpului a devenit un important reprezentant autohton al cool-ului melodic \u0219i modern. \u00cen 2007, liderul forma\u021biei a c\u00e2\u0219tigat bursa de performan\u021b\u0103 \u00een jazz Lakatos Ablakos Dezs\u0151. Pe l\u00e2ng\u0103 succesele sale \u00een lumea jazzului, este recunoscut \u0219i ca aranjor \u0219i autor \u00een alte genuri (pop, muzic\u0103 de film). \u00cen 2009, \u00een leg\u0103tur\u0103 cu albumul de debut al cvintetului s\u0103u (I don't got you mean), Ol\u00e1h K\u00e1lm\u00e1n scria despre el: \"Improvizeaz\u0103 \u00een orice stil de forma\u021bie, sim\u021bi c\u0103 vorbe\u0219te perfect \u0219i folose\u0219te cu gust limba matern\u0103 a jazzului.\" !<\/p><p>Asculta\u021bi asta: <br \/><a href=\"https:\/\/youtu.be\/I6ur-BLq9s0?si=0hVJKfZBJtMbdluH\" target=\"_blank\" rel=\"noopener\"><strong>Bal\u00e1zs J\u00f3zsef Quintet - 28 \u00a0<\/strong> (YouTube)<\/a><\/p><p><span class=\"x193iq5w xeuugli x13faqbe x1vvkbs x1xmvt09 x1lliihq x1s928wv xhkezso x1gmr53x x1cpjm7i x1fgarty x1943h6x xudqn12 x3x7a5m x6prxxf xvq8zen xo1l8bm xzsf02u\" dir=\"auto\"><br \/>Concertele de jazz de pe terasa Posticum sunt cu intrare liber\u0103 - \u00een schimb, le suger\u0103m oaspe\u021bilor no\u0219tri s\u0103 fac\u0103 o dona\u021bie de 25 RON pentru a sprijini proiectele sociale, culturale \u0219i educa\u021bionale ale asocia\u021biei Posticum Rom\u00e2nia.<br \/><\/span><\/p><p>Ne vedem \u00een cur\u00e2nd!!<\/p>\t\t\t\t\t\t\t\t<\/div>\n\t\t\t\t<\/div>\n\t\t\t\t\t<\/div>\n\t\t<\/div>\n\t\t\t\t\t<\/div>\n\t\t<\/section>\n\t\t\t\t<\/div>","protected":false},"excerpt":{"rendered":"<p>2024 July 13. BAL\u00c1ZS J\u00d3ZSEF QUINTET Bal\u00e1zs J\u00f3zsef &#8211; pianoCvikovszky G\u00e1bor &#8211; trumpetZana Zolt\u00e1n &#8211; saxLakatos Pecek Kriszti\u00e1n &#8211; bassBal\u00e1zs Elem\u00e9r &#8211; drums admission: donation \/\/ start: 19:00 J\u00f3zsef Bal\u00e1zs graduated from the jazz department of the Ferenc Liszt University of Music, and was already oriented towards jazz during his [&hellip;]<\/p>","protected":false},"author":2,"featured_media":0,"comment_status":"open","ping_status":"open","sticky":false,"template":"","format":"standard","meta":{"_exactmetrics_skip_tracking":false,"_exactmetrics_sitenote_active":false,"_exactmetrics_sitenote_note":"","_exactmetrics_sitenote_category":0,"footnotes":""},"categories":[1,27,31],"tags":[163,158,160,22,152,162,159,161],"class_list":["post-5013","post","type-post","status-publish","format-standard","hentry","category-egyeb","category-koncert","category-kulturalis-program","tag-balazs-elemer","tag-balazs-jozsef","tag-cvikovszky-gabor","tag-jazz","tag-jazzterrace-2024","tag-lakatos-pecek-krisztian","tag-quintet","tag-zana-zoltan"],"_links":{"self":[{"href":"https:\/\/www.posticum.ro\/ro\/wp-json\/wp\/v2\/posts\/5013","targetHints":{"allow":["GET"]}}],"collection":[{"href":"https:\/\/www.posticum.ro\/ro\/wp-json\/wp\/v2\/posts"}],"about":[{"href":"https:\/\/www.posticum.ro\/ro\/wp-json\/wp\/v2\/types\/post"}],"author":[{"embeddable":true,"href":"https:\/\/www.posticum.ro\/ro\/wp-json\/wp\/v2\/users\/2"}],"replies":[{"embeddable":true,"href":"https:\/\/www.posticum.ro\/ro\/wp-json\/wp\/v2\/comments?post=5013"}],"version-history":[{"count":22,"href":"https:\/\/www.posticum.ro\/ro\/wp-json\/wp\/v2\/posts\/5013\/revisions"}],"predecessor-version":[{"id":5145,"href":"https:\/\/www.posticum.ro\/ro\/wp-json\/wp\/v2\/posts\/5013\/revisions\/5145"}],"wp:attachment":[{"href":"https:\/\/www.posticum.ro\/ro\/wp-json\/wp\/v2\/media?parent=5013"}],"wp:term":[{"taxonomy":"category","embeddable":true,"href":"https:\/\/www.posticum.ro\/ro\/wp-json\/wp\/v2\/categories?post=5013"},{"taxonomy":"post_tag","embeddable":true,"href":"https:\/\/www.posticum.ro\/ro\/wp-json\/wp\/v2\/tags?post=5013"}],"curies":[{"name":"wp","href":"https:\/\/api.w.org\/{rel}","templated":true}]}}