{"id":5008,"date":"2024-06-28T23:50:43","date_gmt":"2024-06-28T21:50:43","guid":{"rendered":"https:\/\/www.posticum.ro\/?p=5008"},"modified":"2024-06-26T13:00:52","modified_gmt":"2024-06-26T11:00:52","slug":"june-28-jazzterrace-2024-szalayi-gabor-organ-trio","status":"publish","type":"post","link":"https:\/\/www.posticum.ro\/ro\/june-28-jazzterrace-2024-szalayi-gabor-organ-trio\/","title":{"rendered":"28 IUNIE \/\/ JAZZTERRACE 2024: SZALAY G\u00c1BOR ORGAN TRIO"},"content":{"rendered":"<div data-elementor-type=\"wp-post\" data-elementor-id=\"5008\" class=\"elementor elementor-5008\">\n\t\t\t\t\t\t<section class=\"has_eae_slider elementor-section elementor-top-section elementor-element elementor-element-e4882f6 elementor-section-boxed elementor-section-height-default elementor-section-height-default\" data-id=\"e4882f6\" data-element_type=\"section\">\n\t\t\t\t\t\t<div class=\"elementor-container elementor-column-gap-default\">\n\t\t\t\t\t<div class=\"has_eae_slider elementor-column elementor-col-100 elementor-top-column elementor-element elementor-element-8f9e5b9\" data-id=\"8f9e5b9\" data-element_type=\"column\">\n\t\t\t<div class=\"elementor-widget-wrap elementor-element-populated\">\n\t\t\t\t\t\t<div class=\"elementor-element elementor-element-72dbde8 elementor-widget elementor-widget-image\" data-id=\"72dbde8\" data-element_type=\"widget\" data-widget_type=\"image.default\">\n\t\t\t\t<div class=\"elementor-widget-container\">\n\t\t\t\t\t\t\t\t\t\t\t\t\t\t\t<img fetchpriority=\"high\" decoding=\"async\" width=\"750\" height=\"393\" src=\"https:\/\/www.posticum.ro\/wp-content\/uploads\/2024\/06\/events_szalayi-1-1024x536.png\" class=\"attachment-large size-large wp-image-5121\" alt=\"\" srcset=\"https:\/\/www.posticum.ro\/wp-content\/uploads\/2024\/06\/events_szalayi-1-1024x536.png 1024w, https:\/\/www.posticum.ro\/wp-content\/uploads\/2024\/06\/events_szalayi-1-300x157.png 300w, https:\/\/www.posticum.ro\/wp-content\/uploads\/2024\/06\/events_szalayi-1-768x402.png 768w, https:\/\/www.posticum.ro\/wp-content\/uploads\/2024\/06\/events_szalayi-1-1536x804.png 1536w, https:\/\/www.posticum.ro\/wp-content\/uploads\/2024\/06\/events_szalayi-1.png 1921w\" sizes=\"(max-width: 750px) 100vw, 750px\" \/>\t\t\t\t\t\t\t\t\t\t\t\t\t\t\t<\/div>\n\t\t\t\t<\/div>\n\t\t\t\t<div class=\"elementor-element elementor-element-e696d35 elementor-widget elementor-widget-text-editor\" data-id=\"e696d35\" data-element_type=\"widget\" data-widget_type=\"text-editor.default\">\n\t\t\t\t<div class=\"elementor-widget-container\">\n\t\t\t\t\t\t\t\t\t<p>2024 28 iunie. <br \/><strong>G\u00c1BOR SZALAY TRIO LA ORG\u0102<\/strong><\/p><p>G\u00e1bor Szalay - chitar\u0103<br \/>Albert Horv\u00e1th - org\u0103<br \/>Bal\u00e1zs B\u00e1gyi - tobe<\/p><p>intrare: dona\u021bie \/\/ start: 19:00<\/p><p>Cea mai mare parte a programului trioului, \u00eenfiin\u021bat \u00een 2023, const\u0103 \u00een compozi\u021bii proprii \u0219i ale excelentului compozitor \u0219i pianist de jazz Theonius Monk. C\u00e2ntarea \u00een comun a orgii \u0219i chitarei nu este nou\u0103 \u00een muzica de jazz, acest fapt fiind dovedit \u0219i de nenum\u0103ratele \u00eenregistr\u0103ri ale chitari\u0219tilor de jazz cu org\u0103.<br \/>Pe l\u00e2ng\u0103 faptul c\u0103 se pot completa din punct de vedere sonor, chitara are \u0219i un rol practic, \u00eentruc\u00e2t m\u00e2na st\u00e2ng\u0103 a organistului \u00eenlocuie\u0219te contrabasul, \u00een timp ce cu m\u00e2na dreapt\u0103 poate interpreta armonii \u00een acompaniament. Atunci c\u00e2nd organistul improvizeaz\u0103, chitara preia acompaniamentul.<br \/>Printre altele, acest mod de a c\u00e2nta \u00eempreun\u0103 face ca muzica trio-ului s\u0103 fie special\u0103.<\/p><p>Asculta\u021bi acest aperitiv: <br \/><a href=\"https:\/\/youtu.be\/5zo4U0PaI9A?si=VIds6q-YmF4Hdk0f\" target=\"_blank\" rel=\"noopener\"><strong>G\u00e1bor Szalay \"Half\" Monk Trio<\/strong> \u00a0 (YouTube)<\/a><\/p><p><span class=\"x193iq5w xeuugli x13faqbe x1vvkbs x1xmvt09 x1lliihq x1s928wv xhkezso x1gmr53x x1cpjm7i x1fgarty x1943h6x xudqn12 x3x7a5m x6prxxf xvq8zen xo1l8bm xzsf02u\" dir=\"auto\">Acest concert este sus\u021binut de Fondul Cultural Na\u021bional al Ungariei.<\/span><\/p><p><span class=\"x193iq5w xeuugli x13faqbe x1vvkbs x1xmvt09 x1lliihq x1s928wv xhkezso x1gmr53x x1cpjm7i x1fgarty x1943h6x xudqn12 x3x7a5m x6prxxf xvq8zen xo1l8bm xzsf02u\" dir=\"auto\">Concertele de jazz de pe terasa Posticum sunt cu intrare liber\u0103 - \u00een schimb, le suger\u0103m oaspe\u021bilor no\u0219tri s\u0103 fac\u0103 o dona\u021bie de 25 RON pentru a sprijini proiectele sociale, culturale \u0219i educa\u021bionale ale asocia\u021biei Posticum Rom\u00e2nia.<\/span><\/p><p>Ne vedem \u00een cur\u00e2nd!!<\/p>\t\t\t\t\t\t\t\t<\/div>\n\t\t\t\t<\/div>\n\t\t\t\t\t<\/div>\n\t\t<\/div>\n\t\t\t\t\t<\/div>\n\t\t<\/section>\n\t\t\t\t<\/div>","protected":false},"excerpt":{"rendered":"<p>2024 June 28. SZALAY G\u00c1BOR ORGAN TRIO Szalay G\u00e1bor &#8211; GuitarHorv\u00e1th Albert &#8211; OrganB\u00e1gyi Bal\u00e1zs &#8211; Drums admission: donation \/\/ start: 19:00 Most of the trio&#8217;s program, founded in 2023, consists of their own compositions and the compositions of the excellent jazz composer and pianist Theonius Monk. The joint playing [&hellip;]<\/p>","protected":false},"author":2,"featured_media":0,"comment_status":"open","ping_status":"open","sticky":false,"template":"","format":"standard","meta":{"_exactmetrics_skip_tracking":false,"_exactmetrics_sitenote_active":false,"_exactmetrics_sitenote_note":"","_exactmetrics_sitenote_category":0,"footnotes":""},"categories":[1,27,31],"tags":[157,156,22,152,155],"class_list":["post-5008","post","type-post","status-publish","format-standard","hentry","category-egyeb","category-koncert","category-kulturalis-program","tag-bagyi-balazs","tag-horvath-albert","tag-jazz","tag-jazzterrace-2024","tag-szalayi-gabor"],"_links":{"self":[{"href":"https:\/\/www.posticum.ro\/ro\/wp-json\/wp\/v2\/posts\/5008","targetHints":{"allow":["GET"]}}],"collection":[{"href":"https:\/\/www.posticum.ro\/ro\/wp-json\/wp\/v2\/posts"}],"about":[{"href":"https:\/\/www.posticum.ro\/ro\/wp-json\/wp\/v2\/types\/post"}],"author":[{"embeddable":true,"href":"https:\/\/www.posticum.ro\/ro\/wp-json\/wp\/v2\/users\/2"}],"replies":[{"embeddable":true,"href":"https:\/\/www.posticum.ro\/ro\/wp-json\/wp\/v2\/comments?post=5008"}],"version-history":[{"count":26,"href":"https:\/\/www.posticum.ro\/ro\/wp-json\/wp\/v2\/posts\/5008\/revisions"}],"predecessor-version":[{"id":5142,"href":"https:\/\/www.posticum.ro\/ro\/wp-json\/wp\/v2\/posts\/5008\/revisions\/5142"}],"wp:attachment":[{"href":"https:\/\/www.posticum.ro\/ro\/wp-json\/wp\/v2\/media?parent=5008"}],"wp:term":[{"taxonomy":"category","embeddable":true,"href":"https:\/\/www.posticum.ro\/ro\/wp-json\/wp\/v2\/categories?post=5008"},{"taxonomy":"post_tag","embeddable":true,"href":"https:\/\/www.posticum.ro\/ro\/wp-json\/wp\/v2\/tags?post=5008"}],"curies":[{"name":"wp","href":"https:\/\/api.w.org\/{rel}","templated":true}]}}