{"id":4786,"date":"2024-03-22T23:45:39","date_gmt":"2024-03-22T21:45:39","guid":{"rendered":"https:\/\/www.posticum.ro\/?p=4786"},"modified":"2024-02-15T12:27:09","modified_gmt":"2024-02-15T10:27:09","slug":"march-22-5pm-makam-40-instrumental","status":"publish","type":"post","link":"https:\/\/www.posticum.ro\/ro\/march-22-5pm-makam-40-instrumental\/","title":{"rendered":"22 martie - 17:00 \/\/ MAK\u00c1M 40 - Instrumental"},"content":{"rendered":"<div data-elementor-type=\"wp-post\" data-elementor-id=\"4786\" class=\"elementor elementor-4786\">\n\t\t\t\t\t\t<section class=\"has_eae_slider elementor-section elementor-top-section elementor-element elementor-element-8a8c1cd elementor-section-boxed elementor-section-height-default elementor-section-height-default\" data-id=\"8a8c1cd\" data-element_type=\"section\">\n\t\t\t\t\t\t<div class=\"elementor-container elementor-column-gap-default\">\n\t\t\t\t\t<div class=\"has_eae_slider elementor-column elementor-col-100 elementor-top-column elementor-element elementor-element-5576162\" data-id=\"5576162\" data-element_type=\"column\">\n\t\t\t<div class=\"elementor-widget-wrap elementor-element-populated\">\n\t\t\t\t\t\t<div class=\"elementor-element elementor-element-97d8ab7 elementor-widget elementor-widget-image\" data-id=\"97d8ab7\" data-element_type=\"widget\" data-widget_type=\"image.default\">\n\t\t\t\t<div class=\"elementor-widget-container\">\n\t\t\t\t\t\t\t\t\t\t\t\t\t\t\t<img fetchpriority=\"high\" decoding=\"async\" width=\"750\" height=\"393\" src=\"https:\/\/www.posticum.ro\/wp-content\/uploads\/2024\/03\/makam40-1024x537.png\" class=\"attachment-large size-large wp-image-4828\" alt=\"\" srcset=\"https:\/\/www.posticum.ro\/wp-content\/uploads\/2024\/03\/makam40-1024x537.png 1024w, https:\/\/www.posticum.ro\/wp-content\/uploads\/2024\/03\/makam40-300x157.png 300w, https:\/\/www.posticum.ro\/wp-content\/uploads\/2024\/03\/makam40-768x403.png 768w, https:\/\/www.posticum.ro\/wp-content\/uploads\/2024\/03\/makam40.png 1200w\" sizes=\"(max-width: 750px) 100vw, 750px\" \/>\t\t\t\t\t\t\t\t\t\t\t\t\t\t\t<\/div>\n\t\t\t\t<\/div>\n\t\t\t\t<div class=\"elementor-element elementor-element-eb41e4d elementor-widget elementor-widget-text-editor\" data-id=\"eb41e4d\" data-element_type=\"widget\" data-widget_type=\"text-editor.default\">\n\t\t\t\t<div class=\"elementor-widget-container\">\n\t\t\t\t\t\t\t\t\t<p>Vineri<br \/>22 martie, ora 17:00<\/p><p><strong>MACAM 40 - INSTRUMENTAL<\/strong><\/p><p>Bede S\u00e1ri - <em>vocal\u0103<\/em><br \/>Gabriella R\u00e1cz - <em>vioar\u0103<\/em><br \/>J\u00e1nos V\u00e1zsonyi - <em>saxofon<\/em><br \/>Zolt\u00e1n Krulik - <em>chitar\u0103<\/em><br \/>Bata istv\u00e1n - <em>bas<\/em><br \/>Zolt\u00e1n Varr\u00f3 - <em>tobe<\/em><\/p><p><\/p><p>Mak\u00e1m este unul dintre cei mai vechi reprezentan\u021bi ai muzicii etno-folk \u0219i world music din Ungaria. Forma\u021bia a c\u00e2ntat \u00een multe \u021b\u0103ri europene, de la Paris la Varna, de la Cracovia la Split, \u0219i a efectuat turnee \u00een India. Muzica lor este influen\u021bat\u0103 de muzica popular\u0103 maghiar\u0103, Extremul Orient, Balcani, jazz \u0219i muzic\u0103 contemporan\u0103. Sunetul lor este unic prin combina\u021bia sa de instrumente etnice \u0219i tradi\u021bionale europene.  Cea mai recent\u0103 perioad\u0103 a sa a fost caracterizat\u0103 de redescoperirea formelor arhaice ale muzicii \u0219i c\u00e2ntecului popular maghiar.<br \/>Albumele lor recente au un stil personal, un amestec intim de ritmuri exotice \u0219i confesiuni lirice. Mo\u0219tenirea lui Bart\u00f3k \u0219i Kod\u00e1ly, o sintez\u0103 a culturilor arhaice \u0219i a elementelor muzicale contemporane, este crezul neschimbat al lui Mak\u00e1m.<\/p><p><span>&#8212; &#8212; &#8212;<br \/>Mak\u00e1m este unul dintre cei mai vechi reprezentan\u021bi maghiari ai muzicii etno-folk \u0219i world music. Ansamblul a sus\u021binut concerte \u00een multe \u021b\u0103ri europene, de la Paris la Varna, de la Cracovia la Split, \u0219i a efectuat, de asemenea, un turneu \u00een India. Pe l\u00e2ng\u0103 muzica popular\u0103 maghiar\u0103, \u00een muzica lor se reg\u0103sesc influen\u021be din Orientul \u00cendep\u0103rtat, Balcani, jazz \u0219i muzic\u0103 contemporan\u0103. Lumea lor sonor\u0103 este f\u0103cut\u0103 unic\u0103 prin armonia instrumentelor etnice \u0219i tradi\u021bionale europene. Ultima lor er\u0103 este caracterizat\u0103 de formele arhaice ale muzicii populare maghiare \u0219i de redescoperirea c\u00e2ntecului. Discurile lor lansate recent au un stil personal, un amestec intim de ritmuri exotice \u0219i confesiuni lirice. Mo\u0219tenirea marcat\u0103 de numele lui Bart\u00f3k \u0219i Kod\u00e1ly, sinteza culturilor arhaice \u0219i a elementelor muzicale ale epocii reprezint\u0103 crezul de neclintit al Mak\u00e1m.<\/span><\/p><p><\/p><p>asculta\u021bi: <a href=\"https:\/\/youtu.be\/yjK444mhB34?si=jvWVvjBAwUk--qpW\" target=\"_blank\" rel=\"noopener\"><strong>Macam 30 <\/strong>(YouTube)<\/a><\/p><p>Admitere:\u00a0 <em>liber <\/em>|| <em>Tombol\u0103 \u00een timpul pauzei<br \/><\/em><\/p>\t\t\t\t\t\t\t\t<\/div>\n\t\t\t\t<\/div>\n\t\t\t\t\t<\/div>\n\t\t<\/div>\n\t\t\t\t\t<\/div>\n\t\t<\/section>\n\t\t\t\t<\/div>","protected":false},"excerpt":{"rendered":"<p>FridayMarch 22., 5pm MAK\u00c1M 40 &#8211; INSTRUMENTAL Bede S\u00e1ri &#8211; vocalsR\u00e1cz Gabriella &#8211; violinV\u00e1zsonyi J\u00e1nos &#8211; saxofonKrulik Zolt\u00e1n &#8211; guitarBata istv\u00e1n &#8211; bassVarr\u00f3 Zolt\u00e1n &#8211; drums A Mak\u00e1m az etno- folk \u00e9s vil\u00e1gzene egyik legr\u00e9gibb hazai k\u00e9pvisel\u0151je. Az egy\u00fcttes Eur\u00f3pa sz\u00e1mos orsz\u00e1g\u00e1ban koncertezett P\u00e1rizst\u00f3l V\u00e1rn\u00e1ig, Krakk\u00f3t\u00f3l Splitig, \u00e9s turn\u00e9zott Indi\u00e1ban [&hellip;]<\/p>","protected":false},"author":2,"featured_media":0,"comment_status":"open","ping_status":"open","sticky":false,"template":"","format":"standard","meta":{"_exactmetrics_skip_tracking":false,"_exactmetrics_sitenote_active":false,"_exactmetrics_sitenote_note":"","_exactmetrics_sitenote_category":0,"footnotes":""},"categories":[27,31,32],"tags":[121,122,120,119,59],"class_list":["post-4786","post","type-post","status-publish","format-standard","hentry","category-koncert","category-kulturalis-program","category-nemzetkozi-program","tag-121","tag-40-ev","tag-40-years","tag-makam","tag-zene"],"_links":{"self":[{"href":"https:\/\/www.posticum.ro\/ro\/wp-json\/wp\/v2\/posts\/4786","targetHints":{"allow":["GET"]}}],"collection":[{"href":"https:\/\/www.posticum.ro\/ro\/wp-json\/wp\/v2\/posts"}],"about":[{"href":"https:\/\/www.posticum.ro\/ro\/wp-json\/wp\/v2\/types\/post"}],"author":[{"embeddable":true,"href":"https:\/\/www.posticum.ro\/ro\/wp-json\/wp\/v2\/users\/2"}],"replies":[{"embeddable":true,"href":"https:\/\/www.posticum.ro\/ro\/wp-json\/wp\/v2\/comments?post=4786"}],"version-history":[{"count":31,"href":"https:\/\/www.posticum.ro\/ro\/wp-json\/wp\/v2\/posts\/4786\/revisions"}],"predecessor-version":[{"id":4831,"href":"https:\/\/www.posticum.ro\/ro\/wp-json\/wp\/v2\/posts\/4786\/revisions\/4831"}],"wp:attachment":[{"href":"https:\/\/www.posticum.ro\/ro\/wp-json\/wp\/v2\/media?parent=4786"}],"wp:term":[{"taxonomy":"category","embeddable":true,"href":"https:\/\/www.posticum.ro\/ro\/wp-json\/wp\/v2\/categories?post=4786"},{"taxonomy":"post_tag","embeddable":true,"href":"https:\/\/www.posticum.ro\/ro\/wp-json\/wp\/v2\/tags?post=4786"}],"curies":[{"name":"wp","href":"https:\/\/api.w.org\/{rel}","templated":true}]}}