{"id":4714,"date":"2024-03-09T23:59:19","date_gmt":"2024-03-09T21:59:19","guid":{"rendered":"https:\/\/www.posticum.ro\/?p=4714"},"modified":"2024-02-16T11:00:06","modified_gmt":"2024-02-16T09:00:06","slug":"march-09-8pm-jazzweekend-oliver-bader-cristian-copaciu","status":"publish","type":"post","link":"https:\/\/www.posticum.ro\/ro\/march-09-8pm-jazzweekend-oliver-bader-cristian-copaciu\/","title":{"rendered":"09 martie - 20:00 \/\/ JAZZ WEEKEND - CRISTIAN COPACIU GROUP feat. OLIVER BADER"},"content":{"rendered":"<div data-elementor-type=\"wp-post\" data-elementor-id=\"4714\" class=\"elementor elementor-4714\">\n\t\t\t\t\t\t<section class=\"has_eae_slider elementor-section elementor-top-section elementor-element elementor-element-8a8c1cd elementor-section-boxed elementor-section-height-default elementor-section-height-default\" data-id=\"8a8c1cd\" data-element_type=\"section\">\n\t\t\t\t\t\t<div class=\"elementor-container elementor-column-gap-default\">\n\t\t\t\t\t<div class=\"has_eae_slider elementor-column elementor-col-100 elementor-top-column elementor-element elementor-element-5576162\" data-id=\"5576162\" data-element_type=\"column\">\n\t\t\t<div class=\"elementor-widget-wrap elementor-element-populated\">\n\t\t\t\t\t\t<div class=\"elementor-element elementor-element-8046ea0 elementor-widget elementor-widget-image\" data-id=\"8046ea0\" data-element_type=\"widget\" data-widget_type=\"image.default\">\n\t\t\t\t<div class=\"elementor-widget-container\">\n\t\t\t\t\t\t\t\t\t\t\t\t\t\t\t<img fetchpriority=\"high\" decoding=\"async\" width=\"750\" height=\"393\" src=\"https:\/\/www.posticum.ro\/wp-content\/uploads\/2024\/03\/BADER-COPACIU-1024x536.png\" class=\"attachment-large size-large wp-image-4856\" alt=\"\" srcset=\"https:\/\/www.posticum.ro\/wp-content\/uploads\/2024\/03\/BADER-COPACIU-1024x536.png 1024w, https:\/\/www.posticum.ro\/wp-content\/uploads\/2024\/03\/BADER-COPACIU-300x157.png 300w, https:\/\/www.posticum.ro\/wp-content\/uploads\/2024\/03\/BADER-COPACIU-768x402.png 768w, https:\/\/www.posticum.ro\/wp-content\/uploads\/2024\/03\/BADER-COPACIU-1536x804.png 1536w, https:\/\/www.posticum.ro\/wp-content\/uploads\/2024\/03\/BADER-COPACIU.png 1600w\" sizes=\"(max-width: 750px) 100vw, 750px\" \/>\t\t\t\t\t\t\t\t\t\t\t\t\t\t\t<\/div>\n\t\t\t\t<\/div>\n\t\t\t\t<div class=\"elementor-element elementor-element-eb41e4d elementor-widget elementor-widget-text-editor\" data-id=\"eb41e4d\" data-element_type=\"widget\" data-widget_type=\"text-editor.default\">\n\t\t\t\t<div class=\"elementor-widget-container\">\n\t\t\t\t\t\t\t\t\t<div><p><strong>POSTICUM JAZZWEEKEND 2024<\/strong><\/p><\/div><p>S\u00e2mb\u0103t\u0103<br \/>09 martie, ora 20:00, Jazzland:<\/p><p><strong>GRUPUL CRISTIAN COPACIU feat. OLIVER BADER<br \/><\/strong><\/p><p><em>David Luca <\/em>- Pian<em><br \/>Alexandru Aruxandei <\/em>- contrabas<em><br \/>Frankie Ercsei <\/em>- tobe<em><br \/>Cristian copaciu &amp; Oliver Bader <\/em>- chitare<br \/><br \/><em><\/em><\/p><p>Privi\u021bi \u0219i asculta\u021bi: <a href=\"https:\/\/www.youtube.com\/@CristiCopaciu\" target=\"_blank\" rel=\"noopener\"><strong>Cristian Copaciu (YouTube)<\/strong><\/a><\/p><p>Privi\u021bi \u0219i asculta\u021bi: <strong><a href=\"https:\/\/www.youtube.com\/@Bader_Oliver_Jazzland_Trio\" target=\"_blank\" rel=\"noopener\">Oliver Bader (YouTube)<\/a><\/strong><\/p><p><br \/>Admitere:\u00a0 <em>liber\u00a0<\/em> || <em>Tombol\u0103 \u00een timpul fr\u00e2n\u0103rii<\/em><\/p>\t\t\t\t\t\t\t\t<\/div>\n\t\t\t\t<\/div>\n\t\t\t\t\t<\/div>\n\t\t<\/div>\n\t\t\t\t\t<\/div>\n\t\t<\/section>\n\t\t\t\t<\/div>","protected":false},"excerpt":{"rendered":"<p>POSTICUM JAZZWEEKEND 2024 SaturdayMarch 09., 8pm, Jazzland: CRISTIAN COPACIU GROUP feat. OLIVER BADER David Luca &#8211; PianoAlexandru Aruxandei &#8211; doublebassFrankie Ercsei &#8211; DrumsCristian copaciu &amp; Oliver Bader &#8211; guitars Watch &amp; listen: Cristian Copaciu (YouTube) Watch &amp; listen: Oliver Bader (YouTube) Admission:\u00a0 free\u00a0 || Tombola during brake<\/p>","protected":false},"author":2,"featured_media":0,"comment_status":"open","ping_status":"open","sticky":false,"template":"","format":"standard","meta":{"_exactmetrics_skip_tracking":false,"_exactmetrics_sitenote_active":false,"_exactmetrics_sitenote_note":"","_exactmetrics_sitenote_category":0,"footnotes":""},"categories":[27,31,32],"tags":[113,114,44,45,46,22],"class_list":["post-4714","post","type-post","status-publish","format-standard","hentry","category-koncert","category-kulturalis-program","category-nemzetkozi-program","tag-bader","tag-bader-oliver","tag-copaciu","tag-cristi-copaciu","tag-cristian-copaciu","tag-jazz"],"_links":{"self":[{"href":"https:\/\/www.posticum.ro\/ro\/wp-json\/wp\/v2\/posts\/4714","targetHints":{"allow":["GET"]}}],"collection":[{"href":"https:\/\/www.posticum.ro\/ro\/wp-json\/wp\/v2\/posts"}],"about":[{"href":"https:\/\/www.posticum.ro\/ro\/wp-json\/wp\/v2\/types\/post"}],"author":[{"embeddable":true,"href":"https:\/\/www.posticum.ro\/ro\/wp-json\/wp\/v2\/users\/2"}],"replies":[{"embeddable":true,"href":"https:\/\/www.posticum.ro\/ro\/wp-json\/wp\/v2\/comments?post=4714"}],"version-history":[{"count":28,"href":"https:\/\/www.posticum.ro\/ro\/wp-json\/wp\/v2\/posts\/4714\/revisions"}],"predecessor-version":[{"id":4864,"href":"https:\/\/www.posticum.ro\/ro\/wp-json\/wp\/v2\/posts\/4714\/revisions\/4864"}],"wp:attachment":[{"href":"https:\/\/www.posticum.ro\/ro\/wp-json\/wp\/v2\/media?parent=4714"}],"wp:term":[{"taxonomy":"category","embeddable":true,"href":"https:\/\/www.posticum.ro\/ro\/wp-json\/wp\/v2\/categories?post=4714"},{"taxonomy":"post_tag","embeddable":true,"href":"https:\/\/www.posticum.ro\/ro\/wp-json\/wp\/v2\/tags?post=4714"}],"curies":[{"name":"wp","href":"https:\/\/api.w.org\/{rel}","templated":true}]}}