{"id":4515,"date":"2023-09-30T22:15:58","date_gmt":"2023-09-30T20:15:58","guid":{"rendered":"https:\/\/www.posticum.ro\/?p=4515"},"modified":"2024-11-05T08:40:38","modified_gmt":"2024-11-05T06:40:38","slug":"september-30-3pm-face-to-face-wher-to-noah-for-humanity","status":"publish","type":"post","link":"https:\/\/www.posticum.ro\/ro\/september-30-3pm-face-to-face-wher-to-noah-for-humanity\/","title":{"rendered":"30 septembrie - 15:00 \/\/ FACE TO FACE - \"\u00cencotro, Noe, pentru umanitate?\""},"content":{"rendered":"<div data-elementor-type=\"wp-post\" data-elementor-id=\"4515\" class=\"elementor elementor-4515\">\n\t\t\t\t\t\t<section class=\"has_eae_slider elementor-section elementor-top-section elementor-element elementor-element-8a8c1cd elementor-section-boxed elementor-section-height-default elementor-section-height-default\" data-id=\"8a8c1cd\" data-element_type=\"section\">\n\t\t\t\t\t\t<div class=\"elementor-container elementor-column-gap-default\">\n\t\t\t\t\t<div class=\"has_eae_slider elementor-column elementor-col-100 elementor-top-column elementor-element elementor-element-5576162\" data-id=\"5576162\" data-element_type=\"column\">\n\t\t\t<div class=\"elementor-widget-wrap elementor-element-populated\">\n\t\t\t\t\t\t<div class=\"elementor-element elementor-element-8046ea0 elementor-widget elementor-widget-image\" data-id=\"8046ea0\" data-element_type=\"widget\" data-widget_type=\"image.default\">\n\t\t\t\t<div class=\"elementor-widget-container\">\n\t\t\t\t\t\t\t\t\t\t\t\t\t\t\t<img fetchpriority=\"high\" decoding=\"async\" width=\"750\" height=\"500\" src=\"https:\/\/www.posticum.ro\/wp-content\/uploads\/2023\/09\/team-volunteers-stacking-hands_ONLINE-1024x683.jpg\" class=\"attachment-large size-large wp-image-4517\" alt=\"\" srcset=\"https:\/\/www.posticum.ro\/wp-content\/uploads\/2023\/09\/team-volunteers-stacking-hands_ONLINE-1024x683.jpg 1024w, https:\/\/www.posticum.ro\/wp-content\/uploads\/2023\/09\/team-volunteers-stacking-hands_ONLINE-300x200.jpg 300w, https:\/\/www.posticum.ro\/wp-content\/uploads\/2023\/09\/team-volunteers-stacking-hands_ONLINE-768x512.jpg 768w, https:\/\/www.posticum.ro\/wp-content\/uploads\/2023\/09\/team-volunteers-stacking-hands_ONLINE-1536x1024.jpg 1536w, https:\/\/www.posticum.ro\/wp-content\/uploads\/2023\/09\/team-volunteers-stacking-hands_ONLINE-360x240.jpg 360w, https:\/\/www.posticum.ro\/wp-content\/uploads\/2023\/09\/team-volunteers-stacking-hands_ONLINE.jpg 1575w\" sizes=\"(max-width: 750px) 100vw, 750px\" \/>\t\t\t\t\t\t\t\t\t\t\t\t\t\t\t<\/div>\n\t\t\t\t<\/div>\n\t\t\t\t<div class=\"elementor-element elementor-element-eb41e4d elementor-widget elementor-widget-text-editor\" data-id=\"eb41e4d\" data-element_type=\"widget\" data-widget_type=\"text-editor.default\">\n\t\t\t\t<div class=\"elementor-widget-container\">\n\t\t\t\t\t\t\t\t\t<div><p><strong>S\u00e2mb\u0103t\u0103 30 septembrie, ora 15:00<\/strong><em><br \/><br \/>\"\u00cencotro, Noa, pentru umanitate?\"<\/em><br \/>Cine suntem noi? Avem o responsabilitate \u00een aceast\u0103 perioad\u0103 incert\u0103? Ca \u0219i Noe, Posticum caut\u0103 r\u0103spunsuri posibile.<br \/>Brainstorming pentru asocia\u021bia Posticum.<br \/><br \/><em>\"\u00cencotro, Noa, pentru umanitate?\"<\/em><br \/>Cine suntem noi? Care sunt rolurile noastre \u00een aceste vremuri tulburi? Posticum - la fel ca Arca lui Noe - caut\u0103 posibile r\u0103spunsuri.<br \/>Mas\u0103 rotund\u0103, schimb de idei pentru Posticum.<br \/><br \/><em>\"\u00cencotro, Noe, pentru umanitate?\"<\/em><br \/>Cine sunt ei? Avem noi o responsabilitate \u00een aceste vremuri incerte? Ca \u0219i Noe, Posticum caut\u0103 posibile r\u0103spunsuri.<br \/>discu\u021bii, brainstorming la Posticum\/for.<br \/><br \/><em>\"\u00cen ce directie acum, Noa, pentru omenire?<\/em><br \/>Cine suntem noi? Avem o responsabilitate \u00een aceast\u0103 perioad\u0103 incert\u0103? La fel ca Noe, Posticum caut\u0103 posibile r\u0103spunsuri.<br \/>Discu\u021bie, brainstorming pentru Posticum.<br \/><br \/><br \/><\/p><\/div>\t\t\t\t\t\t\t\t<\/div>\n\t\t\t\t<\/div>\n\t\t\t\t\t<\/div>\n\t\t<\/div>\n\t\t\t\t\t<\/div>\n\t\t<\/section>\n\t\t\t\t<\/div>","protected":false},"excerpt":{"rendered":"<p>Saturday September 30., 3pm \u201eWhere to, Noa, for humanity?\u201cWho are we? Do we have a responsibility in this uncertain time? Like Noah, Posticum is looking for possible answers.Brainstorming for the asociation Posticum. \u201eWohin, Noa, f\u00fcr die Menschheit?\u201cWer sind wir? Welche sind unsere Aufgaben in diesen turbulenten Zeiten? Posticum sucht &#8211; [&hellip;]<\/p>","protected":false},"author":2,"featured_media":0,"comment_status":"closed","ping_status":"closed","sticky":false,"template":"","format":"standard","meta":{"_exactmetrics_skip_tracking":false,"_exactmetrics_sitenote_active":false,"_exactmetrics_sitenote_note":"","_exactmetrics_sitenote_category":0,"footnotes":""},"categories":[1,33,31,32],"tags":[85,86,81,84,88,83,87,82],"class_list":["post-4515","post","type-post","status-publish","format-standard","hentry","category-egyeb","category-kepzes","category-kulturalis-program","category-nemzetkozi-program","tag-alois-saghy","tag-ambros-peer","tag-brainstorming","tag-conference","tag-future","tag-ideenborse","tag-noah","tag-otletborse"],"_links":{"self":[{"href":"https:\/\/www.posticum.ro\/ro\/wp-json\/wp\/v2\/posts\/4515","targetHints":{"allow":["GET"]}}],"collection":[{"href":"https:\/\/www.posticum.ro\/ro\/wp-json\/wp\/v2\/posts"}],"about":[{"href":"https:\/\/www.posticum.ro\/ro\/wp-json\/wp\/v2\/types\/post"}],"author":[{"embeddable":true,"href":"https:\/\/www.posticum.ro\/ro\/wp-json\/wp\/v2\/users\/2"}],"replies":[{"embeddable":true,"href":"https:\/\/www.posticum.ro\/ro\/wp-json\/wp\/v2\/comments?post=4515"}],"version-history":[{"count":5,"href":"https:\/\/www.posticum.ro\/ro\/wp-json\/wp\/v2\/posts\/4515\/revisions"}],"predecessor-version":[{"id":4530,"href":"https:\/\/www.posticum.ro\/ro\/wp-json\/wp\/v2\/posts\/4515\/revisions\/4530"}],"wp:attachment":[{"href":"https:\/\/www.posticum.ro\/ro\/wp-json\/wp\/v2\/media?parent=4515"}],"wp:term":[{"taxonomy":"category","embeddable":true,"href":"https:\/\/www.posticum.ro\/ro\/wp-json\/wp\/v2\/categories?post=4515"},{"taxonomy":"post_tag","embeddable":true,"href":"https:\/\/www.posticum.ro\/ro\/wp-json\/wp\/v2\/tags?post=4515"}],"curies":[{"name":"wp","href":"https:\/\/api.w.org\/{rel}","templated":true}]}}