{"id":3936,"date":"2023-03-18T23:59:40","date_gmt":"2023-03-18T21:59:40","guid":{"rendered":"https:\/\/www.posticum.ro\/?p=3936"},"modified":"2023-05-13T10:12:19","modified_gmt":"2023-05-13T08:12:19","slug":"dr-jakab-attila-konyvbemutato-lansare-de-carte","status":"publish","type":"post","link":"https:\/\/www.posticum.ro\/ro\/dr-jakab-attila-konyvbemutato-lansare-de-carte\/","title":{"rendered":"18. martie, 16:00 - Dr. Attila Jakab: lansare de carte \/\/ Lansare de carte"},"content":{"rendered":"<div data-elementor-type=\"wp-post\" data-elementor-id=\"3936\" class=\"elementor elementor-3936\">\n\t\t\t\t\t\t<section class=\"has_eae_slider elementor-section elementor-top-section elementor-element elementor-element-d1f4712 elementor-section-boxed elementor-section-height-default elementor-section-height-default\" data-id=\"d1f4712\" data-element_type=\"section\">\n\t\t\t\t\t\t<div class=\"elementor-container elementor-column-gap-default\">\n\t\t\t\t\t<div class=\"has_eae_slider elementor-column elementor-col-100 elementor-top-column elementor-element elementor-element-bf8a0f6\" data-id=\"bf8a0f6\" data-element_type=\"column\">\n\t\t\t<div class=\"elementor-widget-wrap elementor-element-populated\">\n\t\t\t\t\t\t<div class=\"elementor-element elementor-element-57ac675 elementor-widget elementor-widget-image\" data-id=\"57ac675\" data-element_type=\"widget\" data-widget_type=\"image.default\">\n\t\t\t\t<div class=\"elementor-widget-container\">\n\t\t\t\t\t\t\t\t\t\t\t\t\t\t\t<img fetchpriority=\"high\" decoding=\"async\" width=\"750\" height=\"500\" src=\"https:\/\/www.posticum.ro\/wp-content\/uploads\/2023\/03\/Jakab-Attila_1200-1024x683.jpg\" class=\"attachment-large size-large wp-image-3918\" alt=\"\" srcset=\"https:\/\/www.posticum.ro\/wp-content\/uploads\/2023\/03\/Jakab-Attila_1200-1024x683.jpg 1024w, https:\/\/www.posticum.ro\/wp-content\/uploads\/2023\/03\/Jakab-Attila_1200-300x200.jpg 300w, https:\/\/www.posticum.ro\/wp-content\/uploads\/2023\/03\/Jakab-Attila_1200-768x512.jpg 768w, https:\/\/www.posticum.ro\/wp-content\/uploads\/2023\/03\/Jakab-Attila_1200-360x240.jpg 360w, https:\/\/www.posticum.ro\/wp-content\/uploads\/2023\/03\/Jakab-Attila_1200.jpg 1200w\" sizes=\"(max-width: 750px) 100vw, 750px\" \/>\t\t\t\t\t\t\t\t\t\t\t\t\t\t\t<\/div>\n\t\t\t\t<\/div>\n\t\t\t\t<div class=\"elementor-element elementor-element-4ea6953 elementor-widget elementor-widget-text-editor\" data-id=\"4ea6953\" data-element_type=\"widget\" data-widget_type=\"text-editor.default\">\n\t\t\t\t<div class=\"elementor-widget-container\">\n\t\t\t\t\t\t\t\t\t<div class=\"x11i5rnm xat24cr x1mh8g0r x1vvkbs xdj266r\"><strong>RO:<\/strong><br \/>\"Serve\u0219te pacea \u0219i lini\u0219tea \u0219i siguran\u021ba \u021b\u0103rii\"<br \/>Presa bisericeasc\u0103 a Ungariei pe vremea legilor evreilor (1938-1942)<\/div><div class=\"x11i5rnm xat24cr x1mh8g0r x1vvkbs xtlvy1s\">Opera prezentat\u0103 este o nou\u0103 variant\u0103 a unui tratat existent, acum transformat \u00een monografie \u0219i extins printr-o culegere de text, care analizeaz\u0103 prezentarea \u00een pres\u0103 a celor cinci legi referitoare la evrei din perioada 1938-1942. Autorul evalueaz\u0103 aceast\u0103 perioad\u0103 ca un e\u0219ec moral \u0219i pierdere a legitimit\u0103\u021bii al bisericilor cre\u0219tine din Ungaria, deoarece reglement\u0103rile limitative \u0219i privative de drepturi la adresa evreilor, nu a st\u00e2rnit rezisten\u021b\u0103 din partea bisericilor; \u00een mare parte au fost de acord cu acestea, vr\u00e2nd-nevr\u00e2nd au luat parte la procesul prin care societatea maghiar\u0103 s-a \"acordat pe frecven\u021ba\" Holocaustului.<\/div><div class=\"x11i5rnm xat24cr x1mh8g0r x1vvkbs xtlvy1s\">Prezentarea va fi compus\u0103 din dou\u0103 blocuri a c\u00e2te 15 minute, \u00een urma ambelor blocuri va avea loc un rezumat de 5 minute \u00een limba rom\u00e2n\u0103.<\/div><div class=\"x11i5rnm xat24cr x1mh8g0r x1vvkbs xtlvy1s\">Publicul va putea \u00eenainta \u00eentreb\u0103ri at\u00e2t \u00een limba maghiar\u0103, c\u00e2t \u0219i \u00een limba rom\u00e2n\u0103, autorul fiind n\u0103scut \u00een Transilvania.<\/div><div class=\"x11i5rnm xat24cr x1mh8g0r x1vvkbs xtlvy1s\"><\/div><div class=\"x11i5rnm xat24cr x1mh8g0r x1vvkbs xtlvy1s\"><strong>HU:<\/strong><br \/>\"Pentru pacea, lini\u0219tea \u0219i securitatea \u021b\u0103rii\"<br \/>Presa bisericeasc\u0103 maghiar\u0103 \u00een timpul legilor evreie\u0219ti (1938-1942)<\/div><div class=\"x11i5rnm xat24cr x1mh8g0r x1vvkbs xtlvy1s\">Dr. Attila Jakab, istoric la Centrul Memorial al Holocaustului din Budapesta, examineaz\u0103 reprezentarea \u00een pres\u0103 a cinci legi evreie\u0219ti din 1938 p\u00e2n\u0103 \u00een 1942.<br \/>Autorul evalueaz\u0103 perioada ca un faliment moral complet \u0219i o pierdere a credin\u021bei bisericilor cre\u0219tine din Ungaria, deoarece reglement\u0103rile restrictive \u0219i privarea de drepturi impuse evreilor nu au st\u00e2rnit rezisten\u021b\u0103 din partea bisericilor; acestea au fost \u00een mare parte acceptate, contribuind astfel, \u00een mod con\u0219tient sau involuntar, la \"armonizarea\" societ\u0103\u021bii maghiare cu Holocaustul.<\/div><div class=\"x11i5rnm xat24cr x1mh8g0r x1vvkbs xtlvy1s\">Prezentarea const\u0103 \u00een 2 blocuri de 15 minute \u00een limba maghiar\u0103, fiecare urmat de un rezumat de 5 minute \u00een limba rom\u00e2n\u0103.<br \/>Publicul poate adresa \u00eentreb\u0103ri \u00een limbile rom\u00e2n\u0103 \u0219i maghiar\u0103.<\/div><div class=\"x11i5rnm xat24cr x1mh8g0r x1vvkbs xtlvy1s\">Raportor\/autor al lucr\u0103rii \"Ungaria \u0219i \u021bara cre\u0219tin\u0103. Confesiuni cre\u0219tine \u0219i antisemitism \u00een epoca Horthy\" (Budapesta: WJLF, 2021):<\/div><div class=\"x11i5rnm xat24cr x1mh8g0r x1vvkbs xtlvy1s\"><a class=\"x1i10hfl xjbqb8w x6umtig x1b1mbwd xaqea5y xav7gou x9f619 x1ypdohk xt0psk2 xe8uvvx xdj266r x11i5rnm xat24cr x1mh8g0r xexx8yu x4uap5 x18d9i69 xkhd6sd x16tdsg8 x1hl2dhg xggy1nq x1a2a7pz xt0b8zv x1fey0fg\" href=\"https:\/\/mek.oszk.hu\/22200\/22299\/22299.pdf?fbclid=IwAR15Kdy3vmamr2VHkjBosMFs2LeQXLXvSkEDFbVO7i5AKIJ4Kp_YpS72oag\" rel=\"nofollow noopener\" role=\"link\" target=\"_blank\" tabindex=\"0\">https:\/\/mek.oszk.hu\/22200\/22299\/22299.pdf<\/a><\/div>\t\t\t\t\t\t\t\t<\/div>\n\t\t\t\t<\/div>\n\t\t\t\t\t<\/div>\n\t\t<\/div>\n\t\t\t\t\t<\/div>\n\t\t<\/section>\n\t\t\t\t<\/div>","protected":false},"excerpt":{"rendered":"<p>RO:\u201eServe\u0219te pacea \u0219i lini\u0219tea \u0219i siguran\u021ba \u021b\u0103rii\u201dPresa bisericeasc\u0103 a Ungariei pe vremea legilor evreilor (1938-1942)Opera prezentat\u0103 este o nou\u0103 variant\u0103 a unui tratat existent, acum transformat \u00een monografie \u0219i extins printr-o culegere de texte, care analizeaz\u0103 prezentarea \u00een pres\u0103 a celor cinci legi referitoare la evrei din perioada 1938-1942. Autorul [&hellip;]<\/p>","protected":false},"author":1,"featured_media":0,"comment_status":"open","ping_status":"open","sticky":false,"template":"","format":"standard","meta":{"_exactmetrics_skip_tracking":false,"_exactmetrics_sitenote_active":false,"_exactmetrics_sitenote_note":"","_exactmetrics_sitenote_category":0,"footnotes":""},"categories":[31],"tags":[],"class_list":["post-3936","post","type-post","status-publish","format-standard","hentry","category-kulturalis-program"],"_links":{"self":[{"href":"https:\/\/www.posticum.ro\/ro\/wp-json\/wp\/v2\/posts\/3936","targetHints":{"allow":["GET"]}}],"collection":[{"href":"https:\/\/www.posticum.ro\/ro\/wp-json\/wp\/v2\/posts"}],"about":[{"href":"https:\/\/www.posticum.ro\/ro\/wp-json\/wp\/v2\/types\/post"}],"author":[{"embeddable":true,"href":"https:\/\/www.posticum.ro\/ro\/wp-json\/wp\/v2\/users\/1"}],"replies":[{"embeddable":true,"href":"https:\/\/www.posticum.ro\/ro\/wp-json\/wp\/v2\/comments?post=3936"}],"version-history":[{"count":8,"href":"https:\/\/www.posticum.ro\/ro\/wp-json\/wp\/v2\/posts\/3936\/revisions"}],"predecessor-version":[{"id":3960,"href":"https:\/\/www.posticum.ro\/ro\/wp-json\/wp\/v2\/posts\/3936\/revisions\/3960"}],"wp:attachment":[{"href":"https:\/\/www.posticum.ro\/ro\/wp-json\/wp\/v2\/media?parent=3936"}],"wp:term":[{"taxonomy":"category","embeddable":true,"href":"https:\/\/www.posticum.ro\/ro\/wp-json\/wp\/v2\/categories?post=3936"},{"taxonomy":"post_tag","embeddable":true,"href":"https:\/\/www.posticum.ro\/ro\/wp-json\/wp\/v2\/tags?post=3936"}],"curies":[{"name":"wp","href":"https:\/\/api.w.org\/{rel}","templated":true}]}}