{"id":3916,"date":"2023-03-31T23:59:34","date_gmt":"2023-03-31T21:59:34","guid":{"rendered":"https:\/\/www.posticum.ro\/?p=3916"},"modified":"2023-03-10T12:04:00","modified_gmt":"2023-03-10T10:04:00","slug":"ora-et-labora","status":"publish","type":"post","link":"https:\/\/www.posticum.ro\/ro\/ora-et-labora\/","title":{"rendered":"27-31 martie - Ora et labora"},"content":{"rendered":"<div data-elementor-type=\"wp-post\" data-elementor-id=\"3916\" class=\"elementor elementor-3916\">\n\t\t\t\t\t\t<section class=\"has_eae_slider elementor-section elementor-top-section elementor-element elementor-element-6cc39f6 elementor-section-boxed elementor-section-height-default elementor-section-height-default\" data-id=\"6cc39f6\" data-element_type=\"section\">\n\t\t\t\t\t\t<div class=\"elementor-container elementor-column-gap-default\">\n\t\t\t\t\t<div class=\"has_eae_slider elementor-column elementor-col-100 elementor-top-column elementor-element elementor-element-d390d09\" data-id=\"d390d09\" data-element_type=\"column\">\n\t\t\t<div class=\"elementor-widget-wrap elementor-element-populated\">\n\t\t\t\t\t\t<div class=\"elementor-element elementor-element-452fa50 elementor-widget elementor-widget-image\" data-id=\"452fa50\" data-element_type=\"widget\" data-widget_type=\"image.default\">\n\t\t\t\t<div class=\"elementor-widget-container\">\n\t\t\t\t\t\t\t\t\t\t\t\t\t\t\t<img fetchpriority=\"high\" decoding=\"async\" width=\"750\" height=\"376\" src=\"https:\/\/www.posticum.ro\/wp-content\/uploads\/2023\/03\/egyensuly.jpg\" class=\"attachment-large size-large wp-image-3938\" alt=\"\" srcset=\"https:\/\/www.posticum.ro\/wp-content\/uploads\/2023\/03\/egyensuly.jpg 815w, https:\/\/www.posticum.ro\/wp-content\/uploads\/2023\/03\/egyensuly-300x151.jpg 300w, https:\/\/www.posticum.ro\/wp-content\/uploads\/2023\/03\/egyensuly-768x385.jpg 768w\" sizes=\"(max-width: 750px) 100vw, 750px\" \/>\t\t\t\t\t\t\t\t\t\t\t\t\t\t\t<\/div>\n\t\t\t\t<\/div>\n\t\t\t\t<div class=\"elementor-element elementor-element-5c74005 elementor-widget elementor-widget-text-editor\" data-id=\"5c74005\" data-element_type=\"widget\" data-widget_type=\"text-editor.default\">\n\t\t\t\t<div class=\"elementor-widget-container\">\n\t\t\t\t\t\t\t\t\t<p><strong>RO:<\/strong><br \/>Cur\u0103\u021benie de prim\u0103vara la Posticum!<br \/>A\u0219tept\u0103m cu drag prietenii no\u0219tri, \u0219i pe cei care revin la noi, care au mai participat la evenimente culturale, concerte sau vernisaje, \u0219i s-au sim\u021bit bine, s-au sim\u021bit ca acas\u0103 la Posticum.<br \/>Invit\u0103m pe cei care doresc, \u0219i pot s\u0103 se al\u0103ture, chiar \u0219i pentru c\u00e2teva ore, micii comunit\u0103\u021bi care va \"ataca\" s\u0103lile comune, geamurile, holurile, \u0219i pensiunea ZenHostel cu aspiratoare, mopuri, vopsea \u0219i pensule.<br \/>Cur\u0103\u021benia general\u0103 se va realiza \u00eempreun\u0103 cu grupul de medita\u021bie One Drop Zen.<\/p><p>Perioada: 27 - 31 martie<br \/>Planuri: cur\u0103\u021benie general\u0103 \u00een cl\u0103dire \u0219i gr\u0103din\u0103, sp\u0103lare geamuri, poate chiar \u0219i zugr\u0103veala pe alocuri.<br \/>V\u0103 rug\u0103m s\u0103 ne anun\u021ba\u021bi inten\u021bia Dvs. (E-mail: info@posticum.ro) zilnic:<br \/>* pentru diminea\u021ba 09:00 - 12:30 \u0219i\/sau<br \/>* pentru dup\u0103-amiaza: 15:00 - 18:00<br \/>Participarea posibil\u0103 la medita\u021bia Zen (diminea\u021ba \u0219i seara), \u00eencep\u0103torilor\/celor interesa\u021bi li se recomand\u0103 s\u0103 participe la introducerea de sear\u0103, zilnic \u00eentre orele 18:30 \u0219i 19:00.<br \/>Pentru \u00eentreb\u0103ri nu ezita\u021bi s\u0103 ne contacta\u021bi! (tel: 0744504051)<br \/>V\u0103 a\u0219tept\u0103m cu drag!<\/p><p><strong>HU:<\/strong><br \/>Cur\u0103\u021benie de prim\u0103var\u0103 la Posticum!<br \/>Le ur\u0103m bun venit prietenilor de la Posticum \u0219i le ur\u0103m bun venit celor care revin pentru un program sau un eveniment \u0219i simt c\u0103 Casa este a lor.<br \/>Cur\u0103\u021benia va fi efectuat\u0103 \u00eempreun\u0103 cu grupul de medita\u021bie Zen One Drop \u00een s\u0103lile comunit\u0103\u021bii Posticum \u0219i \u00een casa de oaspe\u021bi (Zen Hostel).<\/p><p>Data: 27 - 31 martie<br \/>Program comun planificat: colectarea gunoiului, cur\u0103\u021benie temeinic\u0103, cur\u0103\u021barea geamurilor, zugr\u0103veli\/ vopsitorii ocazionale. \ud83d\ude42<br \/>V\u0103 pute\u021bi \u00eenregistra (E-mail: info@posticum.ro) zilnic:<br \/>* diminea\u021ba 09:00 - 12:30, \u0219i\/sau<br \/>* dup\u0103-amiaz\u0103: 15:00 - 18:00<br \/>Medita\u021bia Zen este disponibil\u0103 (diminea\u021ba \u0219i seara), \u00eencep\u0103torii\/interesa\u021bii sunt recomanda\u021bi s\u0103 participe la introducerea de sear\u0103, zilnic \u00eentre orele 18:30 - 19:00.<\/p>\t\t\t\t\t\t\t\t<\/div>\n\t\t\t\t<\/div>\n\t\t\t\t\t<\/div>\n\t\t<\/div>\n\t\t\t\t\t<\/div>\n\t\t<\/section>\n\t\t\t\t<\/div>","protected":false},"excerpt":{"rendered":"<p>RO:Cur\u0103\u021benie de prim\u0103vara la Posticum!A\u0219tept\u0103m cu drag prieteni noi, \u0219i pe cei care revin la noi, care au mai participat la evenimente culturale, concerte sau vernisaje, \u0219i s-au sim\u021bit bine, s-au sim\u021bit ca acas\u0103 la Posticum.Invit\u0103m pe cei care doresc, \u0219i pot s\u0103 se al\u0103ture, chiar \u0219i pentru c\u00e2teva ore, [&hellip;]<\/p>","protected":false},"author":1,"featured_media":0,"comment_status":"open","ping_status":"open","sticky":false,"template":"","format":"standard","meta":{"_exactmetrics_skip_tracking":false,"_exactmetrics_sitenote_active":false,"_exactmetrics_sitenote_note":"","_exactmetrics_sitenote_category":0,"footnotes":""},"categories":[4,32,34],"tags":[],"class_list":["post-3916","post","type-post","status-publish","format-standard","hentry","category-meditacio","category-nemzetkozi-program","category-zen"],"_links":{"self":[{"href":"https:\/\/www.posticum.ro\/ro\/wp-json\/wp\/v2\/posts\/3916","targetHints":{"allow":["GET"]}}],"collection":[{"href":"https:\/\/www.posticum.ro\/ro\/wp-json\/wp\/v2\/posts"}],"about":[{"href":"https:\/\/www.posticum.ro\/ro\/wp-json\/wp\/v2\/types\/post"}],"author":[{"embeddable":true,"href":"https:\/\/www.posticum.ro\/ro\/wp-json\/wp\/v2\/users\/1"}],"replies":[{"embeddable":true,"href":"https:\/\/www.posticum.ro\/ro\/wp-json\/wp\/v2\/comments?post=3916"}],"version-history":[{"count":16,"href":"https:\/\/www.posticum.ro\/ro\/wp-json\/wp\/v2\/posts\/3916\/revisions"}],"predecessor-version":[{"id":3942,"href":"https:\/\/www.posticum.ro\/ro\/wp-json\/wp\/v2\/posts\/3916\/revisions\/3942"}],"wp:attachment":[{"href":"https:\/\/www.posticum.ro\/ro\/wp-json\/wp\/v2\/media?parent=3916"}],"wp:term":[{"taxonomy":"category","embeddable":true,"href":"https:\/\/www.posticum.ro\/ro\/wp-json\/wp\/v2\/categories?post=3916"},{"taxonomy":"post_tag","embeddable":true,"href":"https:\/\/www.posticum.ro\/ro\/wp-json\/wp\/v2\/tags?post=3916"}],"curies":[{"name":"wp","href":"https:\/\/api.w.org\/{rel}","templated":true}]}}