{"id":3850,"date":"2023-02-26T23:55:36","date_gmt":"2023-02-26T21:55:36","guid":{"rendered":"https:\/\/www.posticum.ro\/?p=3850"},"modified":"2022-12-11T12:31:49","modified_gmt":"2022-12-11T10:31:49","slug":"2023-februar-23-26-test-es-lelek-napok","status":"publish","type":"post","link":"https:\/\/www.posticum.ro\/ro\/2023-februar-23-26-test-es-lelek-napok\/","title":{"rendered":"23 - 26 februarie 2023: Zilele corpului \u0219i sufletului"},"content":{"rendered":"<div data-elementor-type=\"wp-post\" data-elementor-id=\"3850\" class=\"elementor elementor-3850\">\n\t\t\t\t\t\t<section class=\"has_eae_slider elementor-section elementor-top-section elementor-element elementor-element-7870263 elementor-section-boxed elementor-section-height-default elementor-section-height-default\" data-id=\"7870263\" data-element_type=\"section\">\n\t\t\t\t\t\t<div class=\"elementor-container elementor-column-gap-default\">\n\t\t\t\t\t<div class=\"has_eae_slider elementor-column elementor-col-50 elementor-top-column elementor-element elementor-element-51dc3fa\" data-id=\"51dc3fa\" data-element_type=\"column\">\n\t\t\t<div class=\"elementor-widget-wrap elementor-element-populated\">\n\t\t\t\t\t\t<div class=\"elementor-element elementor-element-3515e34 elementor-widget elementor-widget-image\" data-id=\"3515e34\" data-element_type=\"widget\" data-widget_type=\"image.default\">\n\t\t\t\t<div class=\"elementor-widget-container\">\n\t\t\t\t\t\t\t\t\t\t\t\t\t\t\t<img fetchpriority=\"high\" decoding=\"async\" width=\"750\" height=\"402\" src=\"https:\/\/www.posticum.ro\/wp-content\/uploads\/2022\/09\/logo_1-1024x549.png\" class=\"attachment-large size-large wp-image-3702\" alt=\"\" srcset=\"https:\/\/www.posticum.ro\/wp-content\/uploads\/2022\/09\/logo_1-1024x549.png 1024w, https:\/\/www.posticum.ro\/wp-content\/uploads\/2022\/09\/logo_1-300x161.png 300w, https:\/\/www.posticum.ro\/wp-content\/uploads\/2022\/09\/logo_1-768x412.png 768w, https:\/\/www.posticum.ro\/wp-content\/uploads\/2022\/09\/logo_1.png 1420w\" sizes=\"(max-width: 750px) 100vw, 750px\" \/>\t\t\t\t\t\t\t\t\t\t\t\t\t\t\t<\/div>\n\t\t\t\t<\/div>\n\t\t\t\t\t<\/div>\n\t\t<\/div>\n\t\t\t\t<div class=\"has_eae_slider elementor-column elementor-col-50 elementor-top-column elementor-element elementor-element-fefb379\" data-id=\"fefb379\" data-element_type=\"column\">\n\t\t\t<div class=\"elementor-widget-wrap elementor-element-populated\">\n\t\t\t\t\t\t<div class=\"elementor-element elementor-element-d6130ad elementor-widget elementor-widget-text-editor\" data-id=\"d6130ad\" data-element_type=\"widget\" data-widget_type=\"text-editor.default\">\n\t\t\t\t<div class=\"elementor-widget-container\">\n\t\t\t\t\t\t\t\t\t<p><b>Zilele corpului \u0219i sufletului&nbsp;<\/b><\/p>\n<p><\/p>\n<p><span style=\"font-weight: 400;\">\u00cei primim pe to\u021bi cei care doresc s\u0103 \u00ee\u0219i priveasc\u0103 dificult\u0103\u021bile fizice \u0219i spirituale cu puterea revelatoare a psihologiei \u0219i spiritualit\u0103\u021bii \u0219i s\u0103 le rezolve.&nbsp;<\/span><\/p>\n<p><\/p>\n<p><span style=\"font-weight: 400;\">\u00cen plus fa\u021b\u0103 de angajamentul de a participa la \u00eentregul proces, pute\u021bi participa, de asemenea, la un bloc de sesiuni \u00een format de terapie de grup.<\/span><\/p>\n<p><\/p>\n<p><span style=\"font-weight: 400;\">Profesioni\u0219tii care conduc programele de grup sunt caracteriza\u021bi de o abordare a \u00eentregii persoane, de importan\u021ba conexiunii cu Dumnezeu \u0219i de o abordare sistemic\u0103. Pe l\u00e2ng\u0103 realiz\u0103rile medicinei \u0219i ale teologiei \u00een ceea ce prive\u0219te men\u021binerea s\u0103n\u0103t\u0103\u021bii fizice \u0219i spirituale, puterea de vindecare a non-fizicului, \u00een termeni religio\u0219i <\/span><b><i>evlavia noastr\u0103<\/i><\/b><span style=\"font-weight: 400;\"> care este \u00een fiecare dintre noi. Unul dintre cele mai importante aspecte ale voca\u021biei noastre umane este s\u0103 g\u0103sim o leg\u0103tur\u0103 cu ea, prin care dificult\u0103\u021bile noastre pot fi vindecate, \u00eentregi, <\/span><b><i>S\u0103n\u0103tate<\/i><\/b><span style=\"font-weight: 400;\"> spre.&nbsp;<\/span><\/p>\n<p><\/p>\n<p><b>Tema. <\/b><span style=\"font-weight: 400;\">Ce ar putea fi un scandal? C\u00e2nd suntem umili\u021bi pe nedrept, judeca\u021bi pe nedrept, secretele noastre intime sunt expuse, sunt dezv\u0103luite. Rudele, prietenii sunt \u00een\u0219ela\u021bi, tr\u0103da\u021bi. Ceva frumos este creat \u0219i ceva\/cineva \u00eel stric\u0103, o t\u0103cere intim\u0103 este intruziv\u0103 f\u0103r\u0103 tact, un subiect sensibil este \u00een\u021bepat. Familia noastr\u0103 sau altcineva creeaz\u0103 o situa\u021bie scandaloas\u0103.<\/span><\/p>\n<p><\/p>\n<p><b>Oaspetele nostru <\/b><span style=\"font-weight: 400;\">Dr. Andr\u00e1s Barcsay, psihiatru \u0219i psihoterapeut, <\/span><span style=\"font-weight: 400;\">Adrienn Brechler terapeut craniosacral \u0219i Dr. Zsolt L\u00e1szl\u00f3 M\u00e9zes <\/span><span style=\"font-weight: 400;\">Pastor evanghelic, profesionist \u00een domeniul s\u0103n\u0103t\u0103\u021bii mintale.<\/span><\/p>\n<p><b>Detalii pe site-ul casei de oaspe\u021bi: <a href=\"https:\/\/www.thezenhostel.com\/hu\/test-es-lelek-nap-ok-2023-februar-23-26\/\">https:\/\/www.thezenhostel.com\/hu\/test-es-lelek-nap-ok-2023-februar-23-26\/<\/a><\/b><\/p>\t\t\t\t\t\t\t\t<\/div>\n\t\t\t\t<\/div>\n\t\t\t\t\t<\/div>\n\t\t<\/div>\n\t\t\t\t\t<\/div>\n\t\t<\/section>\n\t\t\t\t<\/div>","protected":false},"excerpt":{"rendered":"<p>Test \u00e9s L\u00e9lek NAP-ok&nbsp; Nyitott csoportfoglalkoz\u00e1sainkra szeretettel v\u00e1rjuk mindazokat, akik a l\u00e9lektan \u00e9s a spiritualit\u00e1s felt\u00e1r\u00f3 erej\u00e9vel szeretn\u00e9nek testi, lelki term\u00e9szet\u0171 neh\u00e9zs\u00e9geikre r\u00e1n\u00e9zni, a felold\u00e1s fel\u00e9 vinni azokat.&nbsp; Az eg\u00e9sz folyamatra val\u00f3 elk\u00f6telez\u0151d\u00e9s mellett a csoportter\u00e1pi\u00e1s form\u00e1ban m\u0171k\u00f6d\u0151 alkalmak egy-egy blokkj\u00e1n is r\u00e9szt lehet venni. A csoportalkalmakat vezet\u0151 szakemberek saj\u00e1toss\u00e1ga [&hellip;]<\/p>","protected":false},"author":1,"featured_media":0,"comment_status":"open","ping_status":"open","sticky":false,"template":"","format":"standard","meta":{"_exactmetrics_skip_tracking":false,"_exactmetrics_sitenote_active":false,"_exactmetrics_sitenote_note":"","_exactmetrics_sitenote_category":0,"footnotes":""},"categories":[28],"tags":[],"class_list":["post-3850","post","type-post","status-publish","format-standard","hentry","category-terapia"],"_links":{"self":[{"href":"https:\/\/www.posticum.ro\/ro\/wp-json\/wp\/v2\/posts\/3850","targetHints":{"allow":["GET"]}}],"collection":[{"href":"https:\/\/www.posticum.ro\/ro\/wp-json\/wp\/v2\/posts"}],"about":[{"href":"https:\/\/www.posticum.ro\/ro\/wp-json\/wp\/v2\/types\/post"}],"author":[{"embeddable":true,"href":"https:\/\/www.posticum.ro\/ro\/wp-json\/wp\/v2\/users\/1"}],"replies":[{"embeddable":true,"href":"https:\/\/www.posticum.ro\/ro\/wp-json\/wp\/v2\/comments?post=3850"}],"version-history":[{"count":10,"href":"https:\/\/www.posticum.ro\/ro\/wp-json\/wp\/v2\/posts\/3850\/revisions"}],"predecessor-version":[{"id":3860,"href":"https:\/\/www.posticum.ro\/ro\/wp-json\/wp\/v2\/posts\/3850\/revisions\/3860"}],"wp:attachment":[{"href":"https:\/\/www.posticum.ro\/ro\/wp-json\/wp\/v2\/media?parent=3850"}],"wp:term":[{"taxonomy":"category","embeddable":true,"href":"https:\/\/www.posticum.ro\/ro\/wp-json\/wp\/v2\/categories?post=3850"},{"taxonomy":"post_tag","embeddable":true,"href":"https:\/\/www.posticum.ro\/ro\/wp-json\/wp\/v2\/tags?post=3850"}],"curies":[{"name":"wp","href":"https:\/\/api.w.org\/{rel}","templated":true}]}}