{"id":3689,"date":"2022-10-25T23:32:28","date_gmt":"2022-10-25T21:32:28","guid":{"rendered":"https:\/\/www.posticum.ro\/?p=3689"},"modified":"2022-10-07T08:13:48","modified_gmt":"2022-10-07T06:13:48","slug":"octombrie-23-25-2022-introducere-in-zen-limba-romana","status":"publish","type":"post","link":"https:\/\/www.posticum.ro\/ro\/octombrie-23-25-2022-introducere-in-zen-limba-romana\/","title":{"rendered":"Octombrie 23 - 25. 2022.: Introducere \u00een Zen (limba rom\u00e2n\u0103)"},"content":{"rendered":"<div data-elementor-type=\"wp-post\" data-elementor-id=\"3689\" class=\"elementor elementor-3689\">\n\t\t\t\t\t\t<section class=\"has_eae_slider elementor-section elementor-top-section elementor-element elementor-element-616b81a elementor-section-boxed elementor-section-height-default elementor-section-height-default\" data-id=\"616b81a\" data-element_type=\"section\">\n\t\t\t\t\t\t<div class=\"elementor-container elementor-column-gap-default\">\n\t\t\t\t\t<div class=\"has_eae_slider elementor-column elementor-col-100 elementor-top-column elementor-element elementor-element-dd7f409\" data-id=\"dd7f409\" data-element_type=\"column\">\n\t\t\t<div class=\"elementor-widget-wrap elementor-element-populated\">\n\t\t\t\t\t\t<div class=\"elementor-element elementor-element-b91d134 elementor-widget elementor-widget-text-editor\" data-id=\"b91d134\" data-element_type=\"widget\" data-widget_type=\"text-editor.default\">\n\t\t\t\t<div class=\"elementor-widget-container\">\n\t\t\t\t\t\t\t\t\t<p><strong>Programe<\/strong><\/p><ul><li style=\"font-weight: 400;\" aria-level=\"1\"><span style=\"font-weight: 400;\">23 octombrie, ora 18.00-20.00<\/span><\/li><li style=\"font-weight: 400;\" aria-level=\"1\"><span style=\"font-weight: 400;\">24 octombrie, ora 18.00-20.00<\/span><\/li><li style=\"font-weight: 400;\" aria-level=\"1\"><span style=\"font-weight: 400;\">25 octombrie, ora 18.00-20.00<\/span><\/li><\/ul><p><span style=\"font-weight: 400;\">Introducerea va fi f\u0103cut\u0103 de <\/span><b>Peter Terness<\/b><span style=\"font-weight: 400;\">, medic, doctor \u0219i profesor zen (Germania, Heidelberg). Originar din Timi\u0219oara (Rom\u00e2nia), cunoa\u0219te foarte bine limba rom\u00e2n\u0103 \u0219i maghiar\u0103. A\u0219tept\u0103m cu drag la Posticum pe to\u021bi cei care doresc s\u0103 afle mai multe despre zen! Zen este o cale spiritual\u0103, fiind peste dogme \u0219i filosofii.<\/span><\/p><p><span style=\"font-weight: 400;\">\"<\/span><span style=\"font-weight: 400;\">Zen nu este o religie, zen nu este o \u0219coal\u0103 de filosofie, deoarece nu e teorie, cu at\u00e2t mai mult, accentul cade exact pe ordinul de via\u021b\u0103. Ce ne \u00eenva\u021b\u0103 zen, este tocmai tot ce e c\u00e2t mai larg, c\u00e2t mai libe<\/span><span style=\"font-weight: 400;\">r.\" - B\u00e9la Hamvas<\/span><\/p><p><b>I<\/b><b>NFO: programele sunt cu participare gratuit\u0103, participan\u021bii vor sprijinii Posticum prin dona\u021biile voluntare.<\/b><\/p><p><b>HU:\u00a0<\/b><\/p><p><span style=\"font-weight: 400;\">To\u021bi cei care doresc s\u0103 \u00eenve\u021be mai multe despre muzic\u0103 sunt bineveni\u021bi! Zen este o cale spiritual\u0103, dincolo de dogm\u0103 \u0219i filosofie.<\/span><\/p><p><span style=\"font-weight: 400;\">\"<\/span><span style=\"font-weight: 400;\">Zen nu este o religie, Zen nu este o \u0219coal\u0103 de filosofie, pentru c\u0103 nu este o teorie, iar accentul este pus pe ordinea vie\u021bii. Ceea ce \u00eenva\u021b\u0103 Zen este tocmai libertatea de a fi c\u00e2t mai larg \u0219i c\u00e2t mai liber posibil.<\/span><span style=\"font-weight: 400;\">.\" - B\u00e9la Hamvas<\/span><\/p><p><b>RO:\u00a0<\/b><\/p><p><span style=\"font-weight: 400;\">Oricine dore\u0219te s\u0103 afle mai multe despre zen este binevenit! Zenul este o cale spiritual\u0103, dincolo de dogm\u0103 \u0219i filosofie.<\/span><\/p><p><span style=\"font-weight: 400;\">\"<\/span><span style=\"font-weight: 400;\">Zen nu este o religie, Zen nu este o \u0219coal\u0103 de filosofie, pentru c\u0103 nu este o teorie. De fapt, accentul este pus pe ordinea vie\u021bii. Ceea ce ne \u00eenva\u021b\u0103 Zen este tocmai s\u0103 fim c\u00e2t mai largi \u0219i c\u00e2t mai liberi posibil<\/span><span style=\"font-weight: 400;\">.\" -\u00a0 <\/span><span style=\"font-weight: 400;\">B\u00e9la Hamvas<\/span><\/p>\t\t\t\t\t\t\t\t<\/div>\n\t\t\t\t<\/div>\n\t\t\t\t\t<\/div>\n\t\t<\/div>\n\t\t\t\t\t<\/div>\n\t\t<\/section>\n\t\t\t\t<\/div>","protected":false},"excerpt":{"rendered":"<p>Programe 23. octombrie, ora 18.00-20.00 24. octombrie, ora 18.00-20.00 25. octombrie, ora 18.00-20.00 Introducerea va fi f\u0103cut\u0103 de Peter Terness, medic, doctor \u0219i profesor zen (Germania, Heidelberg). Originar din Timi\u0219oara (Rom\u00e2nia), cunoa\u0219te foarte bine limba rom\u00e2n\u0103 \u0219i maghiar\u0103. A\u0219tept\u0103m cu drag la Posticum pe to\u021bi cei care doresc s\u0103 afle [&hellip;]<\/p>","protected":false},"author":1,"featured_media":0,"comment_status":"open","ping_status":"open","sticky":false,"template":"","format":"standard","meta":{"_exactmetrics_skip_tracking":false,"_exactmetrics_sitenote_active":false,"_exactmetrics_sitenote_note":"","_exactmetrics_sitenote_category":0,"footnotes":""},"categories":[4],"tags":[],"class_list":["post-3689","post","type-post","status-publish","format-standard","hentry","category-meditacio"],"_links":{"self":[{"href":"https:\/\/www.posticum.ro\/ro\/wp-json\/wp\/v2\/posts\/3689","targetHints":{"allow":["GET"]}}],"collection":[{"href":"https:\/\/www.posticum.ro\/ro\/wp-json\/wp\/v2\/posts"}],"about":[{"href":"https:\/\/www.posticum.ro\/ro\/wp-json\/wp\/v2\/types\/post"}],"author":[{"embeddable":true,"href":"https:\/\/www.posticum.ro\/ro\/wp-json\/wp\/v2\/users\/1"}],"replies":[{"embeddable":true,"href":"https:\/\/www.posticum.ro\/ro\/wp-json\/wp\/v2\/comments?post=3689"}],"version-history":[{"count":17,"href":"https:\/\/www.posticum.ro\/ro\/wp-json\/wp\/v2\/posts\/3689\/revisions"}],"predecessor-version":[{"id":3838,"href":"https:\/\/www.posticum.ro\/ro\/wp-json\/wp\/v2\/posts\/3689\/revisions\/3838"}],"wp:attachment":[{"href":"https:\/\/www.posticum.ro\/ro\/wp-json\/wp\/v2\/media?parent=3689"}],"wp:term":[{"taxonomy":"category","embeddable":true,"href":"https:\/\/www.posticum.ro\/ro\/wp-json\/wp\/v2\/categories?post=3689"},{"taxonomy":"post_tag","embeddable":true,"href":"https:\/\/www.posticum.ro\/ro\/wp-json\/wp\/v2\/tags?post=3689"}],"curies":[{"name":"wp","href":"https:\/\/api.w.org\/{rel}","templated":true}]}}