{"id":3682,"date":"2022-10-23T23:27:20","date_gmt":"2022-10-23T21:27:20","guid":{"rendered":"https:\/\/www.posticum.ro\/?p=3682"},"modified":"2022-09-19T09:55:52","modified_gmt":"2022-09-19T07:55:52","slug":"21-23-october-2022-zen-sesshin-with-peter-terness","status":"publish","type":"post","link":"https:\/\/www.posticum.ro\/ro\/21-23-october-2022-zen-sesshin-with-peter-terness\/","title":{"rendered":"21-23 octombrie 2022: Zen Sesshin cu Peter Terness"},"content":{"rendered":"<div data-elementor-type=\"wp-post\" data-elementor-id=\"3682\" class=\"elementor elementor-3682\">\n\t\t\t\t\t\t<section class=\"has_eae_slider elementor-section elementor-top-section elementor-element elementor-element-10cd418 elementor-section-boxed elementor-section-height-default elementor-section-height-default\" data-id=\"10cd418\" data-element_type=\"section\">\n\t\t\t\t\t\t<div class=\"elementor-container elementor-column-gap-default\">\n\t\t\t\t\t<div class=\"has_eae_slider elementor-column elementor-col-50 elementor-top-column elementor-element elementor-element-e667981\" data-id=\"e667981\" data-element_type=\"column\">\n\t\t\t<div class=\"elementor-widget-wrap elementor-element-populated\">\n\t\t\t\t\t\t<div class=\"elementor-element elementor-element-225bb41 elementor-widget elementor-widget-image\" data-id=\"225bb41\" data-element_type=\"widget\" data-widget_type=\"image.default\">\n\t\t\t\t<div class=\"elementor-widget-container\">\n\t\t\t\t\t\t\t\t\t\t\t\t\t\t\t<img fetchpriority=\"high\" decoding=\"async\" width=\"709\" height=\"709\" src=\"https:\/\/www.posticum.ro\/wp-content\/uploads\/2022\/09\/Peter-Terrnes_cube.jpeg\" class=\"attachment-large size-large wp-image-3685\" alt=\"\" srcset=\"https:\/\/www.posticum.ro\/wp-content\/uploads\/2022\/09\/Peter-Terrnes_cube.jpeg 709w, https:\/\/www.posticum.ro\/wp-content\/uploads\/2022\/09\/Peter-Terrnes_cube-300x300.jpeg 300w, https:\/\/www.posticum.ro\/wp-content\/uploads\/2022\/09\/Peter-Terrnes_cube-150x150.jpeg 150w\" sizes=\"(max-width: 709px) 100vw, 709px\" \/>\t\t\t\t\t\t\t\t\t\t\t\t\t\t\t<\/div>\n\t\t\t\t<\/div>\n\t\t\t\t\t<\/div>\n\t\t<\/div>\n\t\t\t\t<div class=\"has_eae_slider elementor-column elementor-col-50 elementor-top-column elementor-element elementor-element-9870085\" data-id=\"9870085\" data-element_type=\"column\">\n\t\t\t<div class=\"elementor-widget-wrap elementor-element-populated\">\n\t\t\t\t\t\t<div class=\"elementor-element elementor-element-1c9e37a elementor-widget elementor-widget-text-editor\" data-id=\"1c9e37a\" data-element_type=\"widget\" data-widget_type=\"text-editor.default\">\n\t\t\t\t<div class=\"elementor-widget-container\">\n\t\t\t\t\t\t\t\t\t<p><span style=\"font-weight: 400;\">N\u0103scut \u00een 1949, medic, om de \u0219tiin\u021b\u0103 \u0219i profesor emerit la Universitatea din Heidelberg. \u00cenv\u0103\u021b\u0103tor Zen autorizat de Willigis J\u00e4ger din linia \"Empty Cloud\".\u00a0<\/span><\/p><p><span style=\"font-weight: 400;\">Cei care sunt interesa\u021bi s\u0103 afle mai multe despre Zen sunt bineveni\u021bi la Posticum. Participan\u021bii se pot adresa <\/span><b>Peter Terness<\/b><span style=\"font-weight: 400;\">, originar din Timi\u0219oara, \u0219i \u00een limbile rom\u00e2n\u0103 \u0219i maghiar\u0103.<\/span><\/p><p><span style=\"font-weight: 400;\">\"<\/span><span style=\"font-weight: 400;\">Zen este o cale meditativ\u0103 care dateaz\u0103 de la Shakyamuni Buddha \u0219i trebuie s\u0103 duc\u0103 la o \u00een\u021belegere a Esen\u021bei Adev\u0103rate a tuturor lucrurilor - o experien\u021b\u0103 dincolo de dogme \u0219i filosofii. Aceasta deschide o nou\u0103 perspectiv\u0103 \u00een care via\u021ba \u0219i moartea sunt privite \u00eentr-o lumin\u0103 diferit\u0103<\/span><span style=\"font-weight: 400;\">.\" - Peter Terness<\/span><\/p><p><span style=\"font-weight: 400;\">Aplica\u021bi, \u00eentreba\u021bi: <\/span><a href=\"mailto:info@posticum.ro\"><span style=\"font-weight: 400;\">info@posticum.ro<\/span><\/a><span style=\"font-weight: 400;\">, tel: 0040744 50 40 51<\/span><\/p>\t\t\t\t\t\t\t\t<\/div>\n\t\t\t\t<\/div>\n\t\t\t\t\t<\/div>\n\t\t<\/div>\n\t\t\t\t\t<\/div>\n\t\t<\/section>\n\t\t\t\t<\/div>","protected":false},"excerpt":{"rendered":"<p>Born in 1949, medical doctor, scientist and professor emeritus at the University of Heidelberg. Authorized Zen teacher of the \u201cEmpty Cloud\u201d lineage by Willigis J\u00e4ger.\u00a0 Those who are interested in learning more about Zen are very welcome at the Posticum. Participants may address Peter Terness, a native of Timisoara, also [&hellip;]<\/p>","protected":false},"author":1,"featured_media":0,"comment_status":"open","ping_status":"open","sticky":false,"template":"","format":"standard","meta":{"_exactmetrics_skip_tracking":false,"_exactmetrics_sitenote_active":false,"_exactmetrics_sitenote_note":"","_exactmetrics_sitenote_category":0,"footnotes":""},"categories":[4],"tags":[],"class_list":["post-3682","post","type-post","status-publish","format-standard","hentry","category-meditacio"],"_links":{"self":[{"href":"https:\/\/www.posticum.ro\/ro\/wp-json\/wp\/v2\/posts\/3682","targetHints":{"allow":["GET"]}}],"collection":[{"href":"https:\/\/www.posticum.ro\/ro\/wp-json\/wp\/v2\/posts"}],"about":[{"href":"https:\/\/www.posticum.ro\/ro\/wp-json\/wp\/v2\/types\/post"}],"author":[{"embeddable":true,"href":"https:\/\/www.posticum.ro\/ro\/wp-json\/wp\/v2\/users\/1"}],"replies":[{"embeddable":true,"href":"https:\/\/www.posticum.ro\/ro\/wp-json\/wp\/v2\/comments?post=3682"}],"version-history":[{"count":7,"href":"https:\/\/www.posticum.ro\/ro\/wp-json\/wp\/v2\/posts\/3682\/revisions"}],"predecessor-version":[{"id":3692,"href":"https:\/\/www.posticum.ro\/ro\/wp-json\/wp\/v2\/posts\/3682\/revisions\/3692"}],"wp:attachment":[{"href":"https:\/\/www.posticum.ro\/ro\/wp-json\/wp\/v2\/media?parent=3682"}],"wp:term":[{"taxonomy":"category","embeddable":true,"href":"https:\/\/www.posticum.ro\/ro\/wp-json\/wp\/v2\/categories?post=3682"},{"taxonomy":"post_tag","embeddable":true,"href":"https:\/\/www.posticum.ro\/ro\/wp-json\/wp\/v2\/tags?post=3682"}],"curies":[{"name":"wp","href":"https:\/\/api.w.org\/{rel}","templated":true}]}}