{"id":3593,"date":"2022-09-18T00:35:39","date_gmt":"2022-09-17T22:35:39","guid":{"rendered":"https:\/\/www.posticum.ro\/?p=3593"},"modified":"2022-09-19T09:54:20","modified_gmt":"2022-09-19T07:54:20","slug":"koncert-jamese-szeptember-18","status":"publish","type":"post","link":"https:\/\/www.posticum.ro\/ro\/koncert-jamese-szeptember-18\/","title":{"rendered":"2022. szeptember 18, vas\u00e1rnap, 20 \u00f3ra &#8211; JaMese Koncert"},"content":{"rendered":"<div data-elementor-type=\"wp-post\" data-elementor-id=\"3593\" class=\"elementor elementor-3593\">\n\t\t\t\t\t\t<section class=\"has_eae_slider elementor-section elementor-top-section elementor-element elementor-element-2ca3128 elementor-section-boxed elementor-section-height-default elementor-section-height-default\" data-id=\"2ca3128\" data-element_type=\"section\">\n\t\t\t\t\t\t<div class=\"elementor-container elementor-column-gap-default\">\n\t\t\t\t\t<div class=\"has_eae_slider elementor-column elementor-col-50 elementor-top-column elementor-element elementor-element-1820a64\" data-id=\"1820a64\" data-element_type=\"column\">\n\t\t\t<div class=\"elementor-widget-wrap elementor-element-populated\">\n\t\t\t\t\t\t<div class=\"elementor-element elementor-element-aae6940 elementor-widget elementor-widget-image\" data-id=\"aae6940\" data-element_type=\"widget\" data-widget_type=\"image.default\">\n\t\t\t\t<div class=\"elementor-widget-container\">\n\t\t\t\t\t\t\t\t\t\t\t\t\t\t\t<img fetchpriority=\"high\" decoding=\"async\" width=\"525\" height=\"274\" src=\"https:\/\/www.posticum.ro\/wp-content\/uploads\/2022\/09\/2-progi.jpg\" class=\"attachment-large size-large wp-image-3596\" alt=\"\" srcset=\"https:\/\/www.posticum.ro\/wp-content\/uploads\/2022\/09\/2-progi.jpg 525w, https:\/\/www.posticum.ro\/wp-content\/uploads\/2022\/09\/2-progi-300x157.jpg 300w\" sizes=\"(max-width: 525px) 100vw, 525px\" \/>\t\t\t\t\t\t\t\t\t\t\t\t\t\t\t<\/div>\n\t\t\t\t<\/div>\n\t\t\t\t\t<\/div>\n\t\t<\/div>\n\t\t\t\t<div class=\"has_eae_slider elementor-column elementor-col-50 elementor-top-column elementor-element elementor-element-912fb15\" data-id=\"912fb15\" data-element_type=\"column\">\n\t\t\t<div class=\"elementor-widget-wrap elementor-element-populated\">\n\t\t\t\t\t\t<div class=\"elementor-element elementor-element-1675f4b elementor-widget elementor-widget-text-editor\" data-id=\"1675f4b\" data-element_type=\"widget\" data-widget_type=\"text-editor.default\">\n\t\t\t\t<div class=\"elementor-widget-container\">\n\t\t\t\t\t\t\t\t\t<p><b>JaMese <\/b><b>\u00a0<\/b><span style=\"font-weight: 400;\">&#8211; az angol-magyar mozaiksz\u00f3 egy zenekar neve:<\/span><span style=\"font-weight: 400;\"><br \/><\/span><span style=\"font-weight: 400;\">*Jam \u2013 szabads\u00e1g, kreativit\u00e1s;<\/span><span style=\"font-weight: 400;\"><br \/><\/span><span style=\"font-weight: 400;\">*Mese \u2013 t\u00f6rt\u00e9netek, gondolatok \u00e1tad\u00e1sa;<\/span><span style=\"font-weight: 400;\"><br \/><\/span><span style=\"font-weight: 400;\">*Emese \u2013 az \u00e9nekesn\u0151 Moln\u00e1r Emese szem\u00e9lye az, aki mindezt \u00f6sszefoglalja. Element\u00e1ris t\u00f6rt\u00e9netmes\u00e9l\u00e9s, n\u00e9hol folkos, n\u00e9hol jazzes zenei foszl\u00e1nyokkal, k\u00f6lt\u00e9szetbe hajl\u00f3 dalsz\u00f6vegekkel.<\/span><\/p><p><span style=\"font-weight: 400;\">A JaMese zenekar projekjei k\u00f6z\u00f6tt t\u00f6bb k\u00f6z\u00f6s alkot\u00e1s tal\u00e1lhat\u00f3 p\u00e9ld\u00e1ul Szab\u00f3 T. Anna verseire hangolva, Lackfi J\u00e1nossal k\u00f6z\u00f6sen \u00edrt sz\u00f6vegekre t\u00e1maszkodva, illetve Palya Bea \u00e9s Ferenczi Gy\u00f6rgy k\u00fcl\u00f6nleges k\u00f6zrem\u0171k\u00f6d\u00e9s\u00e9vel, \u00e9s nem csak&#8230;<\/span><\/p><p><b>RO<\/b><span style=\"font-weight: 400;\">: Concert JAZZ, cu accent pe poeme maghiare contemporane, texte expresive, improviza\u021bii\u00a0<\/span><\/p><p><b>RO<\/b><span style=\"font-weight: 400;\">: Jazz concert, lyrics based on contemporary Hungarian poems,\u00a0<\/span><\/p><p><a href=\"https:\/\/www.youtube.com\/watch?v=iAxDIrrPKyg\"><span style=\"font-weight: 400;\">https:\/\/www.youtube.com\/watch?v=iAxDIrrPKyg<\/span><\/a><span style=\"font-weight: 400;\">\u00a0<\/span><\/p><p><b>Detalii: <\/b><a href=\"https:\/\/fb.me\/e\/24cSRsL0F\"><span style=\"font-weight: 400;\">https:\/\/fb.me\/e\/24cSRsL0F<\/span><\/a><span style=\"font-weight: 400;\">\u00a0<\/span><\/p>\t\t\t\t\t\t\t\t<\/div>\n\t\t\t\t<\/div>\n\t\t\t\t\t<\/div>\n\t\t<\/div>\n\t\t\t\t\t<\/div>\n\t\t<\/section>\n\t\t\t\t<\/div>","protected":false},"excerpt":{"rendered":"<p>JaMese \u00a0&#8211; az angol-magyar mozaiksz\u00f3 egy zenekar neve:*Jam \u2013 szabads\u00e1g, kreativit\u00e1s;*Mese \u2013 t\u00f6rt\u00e9netek, gondolatok \u00e1tad\u00e1sa;*Emese \u2013 az \u00e9nekesn\u0151 Moln\u00e1r Emese szem\u00e9lye az, aki mindezt \u00f6sszefoglalja. Element\u00e1ris t\u00f6rt\u00e9netmes\u00e9l\u00e9s, n\u00e9hol folkos, n\u00e9hol jazzes zenei foszl\u00e1nyokkal, k\u00f6lt\u00e9szetbe hajl\u00f3 dalsz\u00f6vegekkel. A JaMese zenekar projekjei k\u00f6z\u00f6tt t\u00f6bb k\u00f6z\u00f6s alkot\u00e1s tal\u00e1lhat\u00f3 p\u00e9ld\u00e1ul Szab\u00f3 T. Anna verseire [&hellip;]<\/p>","protected":false},"author":1,"featured_media":0,"comment_status":"open","ping_status":"open","sticky":false,"template":"","format":"standard","meta":{"_exactmetrics_skip_tracking":false,"_exactmetrics_sitenote_active":false,"_exactmetrics_sitenote_note":"","_exactmetrics_sitenote_category":0,"footnotes":""},"categories":[27],"tags":[],"class_list":["post-3593","post","type-post","status-publish","format-standard","hentry","category-koncert"],"_links":{"self":[{"href":"https:\/\/www.posticum.ro\/ro\/wp-json\/wp\/v2\/posts\/3593","targetHints":{"allow":["GET"]}}],"collection":[{"href":"https:\/\/www.posticum.ro\/ro\/wp-json\/wp\/v2\/posts"}],"about":[{"href":"https:\/\/www.posticum.ro\/ro\/wp-json\/wp\/v2\/types\/post"}],"author":[{"embeddable":true,"href":"https:\/\/www.posticum.ro\/ro\/wp-json\/wp\/v2\/users\/1"}],"replies":[{"embeddable":true,"href":"https:\/\/www.posticum.ro\/ro\/wp-json\/wp\/v2\/comments?post=3593"}],"version-history":[{"count":34,"href":"https:\/\/www.posticum.ro\/ro\/wp-json\/wp\/v2\/posts\/3593\/revisions"}],"predecessor-version":[{"id":3746,"href":"https:\/\/www.posticum.ro\/ro\/wp-json\/wp\/v2\/posts\/3593\/revisions\/3746"}],"wp:attachment":[{"href":"https:\/\/www.posticum.ro\/ro\/wp-json\/wp\/v2\/media?parent=3593"}],"wp:term":[{"taxonomy":"category","embeddable":true,"href":"https:\/\/www.posticum.ro\/ro\/wp-json\/wp\/v2\/categories?post=3593"},{"taxonomy":"post_tag","embeddable":true,"href":"https:\/\/www.posticum.ro\/ro\/wp-json\/wp\/v2\/tags?post=3593"}],"curies":[{"name":"wp","href":"https:\/\/api.w.org\/{rel}","templated":true}]}}