{"id":7092,"date":"2025-07-21T23:49:25","date_gmt":"2025-07-21T21:49:25","guid":{"rendered":"https:\/\/www.posticum.ro\/?p=7092"},"modified":"2025-06-10T19:22:50","modified_gmt":"2025-06-10T17:22:50","slug":"july-18-20-posticum-jazzblues-weekend-2025","status":"publish","type":"post","link":"https:\/\/www.posticum.ro\/en\/july-18-20-posticum-jazzblues-weekend-2025\/","title":{"rendered":"JULY 18 - 20 \/\/ POSTICUM JAZZ&amp;BLUES WEEKEND 2025"},"content":{"rendered":"<div data-elementor-type=\"wp-post\" data-elementor-id=\"7092\" class=\"elementor elementor-7092\">\n\t\t\t\t\t\t<section class=\"has_eae_slider elementor-section elementor-top-section elementor-element elementor-element-e4882f6 elementor-section-boxed elementor-section-height-default elementor-section-height-default\" data-id=\"e4882f6\" data-element_type=\"section\">\n\t\t\t\t\t\t<div class=\"elementor-container elementor-column-gap-default\">\n\t\t\t\t\t<div class=\"has_eae_slider elementor-column elementor-col-100 elementor-top-column elementor-element elementor-element-8f9e5b9\" data-id=\"8f9e5b9\" data-element_type=\"column\">\n\t\t\t<div class=\"elementor-widget-wrap elementor-element-populated\">\n\t\t\t\t\t\t<div class=\"elementor-element elementor-element-72dbde8 elementor-widget elementor-widget-image\" data-id=\"72dbde8\" data-element_type=\"widget\" data-widget_type=\"image.default\">\n\t\t\t\t<div class=\"elementor-widget-container\">\n\t\t\t\t\t\t\t\t\t\t\t\t\t\t\t<img fetchpriority=\"high\" decoding=\"async\" width=\"750\" height=\"394\" src=\"https:\/\/www.posticum.ro\/wp-content\/uploads\/2025\/07\/Element-2-1024x538.png\" class=\"attachment-large size-large wp-image-7289\" alt=\"\" srcset=\"https:\/\/www.posticum.ro\/wp-content\/uploads\/2025\/07\/Element-2-1024x538.png 1024w, https:\/\/www.posticum.ro\/wp-content\/uploads\/2025\/07\/Element-2-300x158.png 300w, https:\/\/www.posticum.ro\/wp-content\/uploads\/2025\/07\/Element-2-768x404.png 768w, https:\/\/www.posticum.ro\/wp-content\/uploads\/2025\/07\/Element-2-18x9.png 18w, https:\/\/www.posticum.ro\/wp-content\/uploads\/2025\/07\/Element-2.png 1201w\" sizes=\"(max-width: 750px) 100vw, 750px\" \/>\t\t\t\t\t\t\t\t\t\t\t\t\t\t\t<\/div>\n\t\t\t\t<\/div>\n\t\t\t\t<div class=\"elementor-element elementor-element-6bb2334 elementor-widget elementor-widget-video\" data-id=\"6bb2334\" data-element_type=\"widget\" data-settings=\"{&quot;youtube_url&quot;:&quot;https:\\\/\\\/youtu.be\\\/3_WcdR5BM7s?si=GbVSYGth2S5YGlrI&quot;,&quot;autoplay&quot;:&quot;yes&quot;,&quot;play_on_mobile&quot;:&quot;yes&quot;,&quot;video_type&quot;:&quot;youtube&quot;}\" data-widget_type=\"video.default\">\n\t\t\t\t<div class=\"elementor-widget-container\">\n\t\t\t\t\t\t\t<div class=\"elementor-wrapper elementor-open-inline\">\n\t\t\t<div class=\"elementor-video\"><\/div>\t\t<\/div>\n\t\t\t\t\t\t<\/div>\n\t\t\t\t<\/div>\n\t\t\t\t<div class=\"elementor-element elementor-element-e696d35 elementor-widget elementor-widget-text-editor\" data-id=\"e696d35\" data-element_type=\"widget\" data-widget_type=\"text-editor.default\">\n\t\t\t\t<div class=\"elementor-widget-container\">\n\t\t\t\t\t\t\t\t\t<p>\ud83c\udfb7\ud83c\udfb8 <strong>POSTICUM JAZZ&amp;BLUES WEEKEND 2025<\/strong><br \/>Three nights of live music, soul, and summer atmosphere - in the heart of Oradea<\/p><p>This July, Posticum invites you to a weekend full of rhythm, emotion, and world-class live music. Over three evenings, jazz and blues will fill the air - indoors at Jazzland and open-air on the beautiful Posticum Terrace.<\/p><p>\ud83d\udfe3 Night One - <em>Friday | 18 July 2025<\/em><br \/>The weekend will open in the intimate atmosphere of Jazzland at 19:00, with a special performance by <strong>Istv\u00e1n Gy\u00e1rf\u00e1s &amp; Luiza Zan<\/strong>, accompanied by the <strong>B\u00e1der-Oliver-JAZZLAND Trio<\/strong>.<br \/>The evening will then continue under the stars on the Posticum Terrace, where the music and summer air come together.<\/p><p>\ud83d\udd35 Night Two - <em>Saturday | 19 July 2025<\/em><br \/>At 19:00, <strong>Nenad Zlatanovi\u0107<\/strong> will take the stage at Jazzland, bringing expressive rhythms and a distinctive blues sound.<br \/>After a short break, the night will carry on outside with a powerful live performance by <strong>Little G Weevil<\/strong> on the Posticum Terrace.<\/p><p>\ud83d\udfe2 Night Three - <em>Sunday | 20 July 2025<\/em><br \/>The weekend will conclude with a full open-air concert at 20:00, featuring the legendary <strong>BEGA BLUES BAND<\/strong> - a fitting finale filled with soul, groove, and the spirit of true blues.<\/p><p>\ud83d\udc9b Admission: donation* - and everyone is welcome.<\/p><p>Come and be part of a musical weekend to remember!<\/p><p>#PosticumJazzAndBlues #OradeaEvents #LiveMusic2025 #JazzlandNights #PosticumTerrace<\/p><p>&#8212; &#8212; &#8212;<\/p><p>*seat reservation: <strong><a href=\"https:\/\/posticumbooks.org\/termekkategoria\/koncertek\/posticum-jazz-blues-weekend-2025\/\" target=\"_blank\" rel=\"noopener\">SEATRESERVATION POSTICUM JAZZ&amp;BLUES WEEKEND<\/a><\/strong><\/p><p>&#8212; &#8212; &#8212;<br \/>*RO<br \/>Participarea la eveniment se face pe baz\u0103 de rezervare \u0219i dona\u021bie, 70 RON\/persoan\u0103 pentru adul\u021bi \u0219i 30 RON\/persoan\u0103 pentru elevi \u0219i studen\u021bi.<br \/>Rezervarea locului se poate asigura prin ad\u0103ugarea evenimentului \u0219i a num\u0103rului dorit de participan\u021bi \u00een co\u0219.<br \/>Ve\u021bi primi o confirmare a transferului, pe care v\u0103 rug\u0103m s-o prezenta\u021bi la intrare. V\u0103 mul\u021bumim!<\/p><p>&#8212; &#8212; &#8212;<br \/>*HU<br \/>Participation is by reservation and donation, adults 70 RON\/person, students 30 RON\/person.<br \/>Reservations are made by adding the event to the basket. Please bring your confirmation with you to the concert. Thank you!<\/p><p>See you soon!!<\/p>\t\t\t\t\t\t\t\t<\/div>\n\t\t\t\t<\/div>\n\t\t\t\t\t<\/div>\n\t\t<\/div>\n\t\t\t\t\t<\/div>\n\t\t<\/section>\n\t\t\t\t<\/div>","protected":false},"excerpt":{"rendered":"<p>https:\/\/youtu.be\/3_WcdR5BM7s?si=GbVSYGth2S5YGlrI \ud83c\udfb7\ud83c\udfb8 POSTICUM JAZZ&amp;BLUES WEEKEND 2025Three nights of live music, soul, and summer atmosphere \u2013 in the heart of Oradea This July, Posticum invites you to a weekend full of rhythm, emotion, and world-class live music. Over three evenings, jazz and blues will fill the air \u2013 indoors at Jazzland [&hellip;]<\/p>","protected":false},"author":2,"featured_media":0,"comment_status":"open","ping_status":"open","sticky":false,"template":"","format":"standard","meta":{"_exactmetrics_skip_tracking":false,"_exactmetrics_sitenote_active":false,"_exactmetrics_sitenote_note":"","_exactmetrics_sitenote_category":0,"footnotes":""},"categories":[1,27,31],"tags":[209],"class_list":["post-7092","post","type-post","status-publish","format-standard","hentry","category-egyeb","category-koncert","category-kulturalis-program","tag-gyarfas-istvan-luiza-zan-bader-oliver-marton-soos-cseh-balazs-nenad-zlatanovic-little-g-weevil-bega-blues-band-blues-jazz-jazzland-jazzterrace"],"_links":{"self":[{"href":"https:\/\/www.posticum.ro\/en\/wp-json\/wp\/v2\/posts\/7092","targetHints":{"allow":["GET"]}}],"collection":[{"href":"https:\/\/www.posticum.ro\/en\/wp-json\/wp\/v2\/posts"}],"about":[{"href":"https:\/\/www.posticum.ro\/en\/wp-json\/wp\/v2\/types\/post"}],"author":[{"embeddable":true,"href":"https:\/\/www.posticum.ro\/en\/wp-json\/wp\/v2\/users\/2"}],"replies":[{"embeddable":true,"href":"https:\/\/www.posticum.ro\/en\/wp-json\/wp\/v2\/comments?post=7092"}],"version-history":[{"count":10,"href":"https:\/\/www.posticum.ro\/en\/wp-json\/wp\/v2\/posts\/7092\/revisions"}],"predecessor-version":[{"id":7292,"href":"https:\/\/www.posticum.ro\/en\/wp-json\/wp\/v2\/posts\/7092\/revisions\/7292"}],"wp:attachment":[{"href":"https:\/\/www.posticum.ro\/en\/wp-json\/wp\/v2\/media?parent=7092"}],"wp:term":[{"taxonomy":"category","embeddable":true,"href":"https:\/\/www.posticum.ro\/en\/wp-json\/wp\/v2\/categories?post=7092"},{"taxonomy":"post_tag","embeddable":true,"href":"https:\/\/www.posticum.ro\/en\/wp-json\/wp\/v2\/tags?post=7092"}],"curies":[{"name":"wp","href":"https:\/\/api.w.org\/{rel}","templated":true}]}}