{"id":4997,"date":"2024-06-14T23:50:24","date_gmt":"2024-06-14T21:50:24","guid":{"rendered":"https:\/\/www.posticum.ro\/?p=4997"},"modified":"2024-06-14T10:46:01","modified_gmt":"2024-06-14T08:46:01","slug":"june-14-jazzterrace-2024-grencso-port-lewis-jordan","status":"publish","type":"post","link":"https:\/\/www.posticum.ro\/en\/june-14-jazzterrace-2024-grencso-port-lewis-jordan\/","title":{"rendered":"14 JUNE \/\/ JAZZTERRACE 2024: GRENCS\u00d3 PORT &amp; LEWIS JORDAN"},"content":{"rendered":"<div data-elementor-type=\"wp-post\" data-elementor-id=\"4997\" class=\"elementor elementor-4997\">\n\t\t\t\t\t\t<section class=\"has_eae_slider elementor-section elementor-top-section elementor-element elementor-element-e4882f6 elementor-section-boxed elementor-section-height-default elementor-section-height-default\" data-id=\"e4882f6\" data-element_type=\"section\">\n\t\t\t\t\t\t<div class=\"elementor-container elementor-column-gap-default\">\n\t\t\t\t\t<div class=\"has_eae_slider elementor-column elementor-col-100 elementor-top-column elementor-element elementor-element-8f9e5b9\" data-id=\"8f9e5b9\" data-element_type=\"column\">\n\t\t\t<div class=\"elementor-widget-wrap elementor-element-populated\">\n\t\t\t\t\t\t<div class=\"elementor-element elementor-element-72dbde8 elementor-widget elementor-widget-image\" data-id=\"72dbde8\" data-element_type=\"widget\" data-widget_type=\"image.default\">\n\t\t\t\t<div class=\"elementor-widget-container\">\n\t\t\t\t\t\t\t\t\t\t\t\t\t\t\t<img fetchpriority=\"high\" decoding=\"async\" width=\"750\" height=\"393\" src=\"https:\/\/www.posticum.ro\/wp-content\/uploads\/2024\/06\/events_grencso-1024x536.png\" class=\"attachment-large size-large wp-image-5084\" alt=\"\" srcset=\"https:\/\/www.posticum.ro\/wp-content\/uploads\/2024\/06\/events_grencso-1024x536.png 1024w, https:\/\/www.posticum.ro\/wp-content\/uploads\/2024\/06\/events_grencso-300x157.png 300w, https:\/\/www.posticum.ro\/wp-content\/uploads\/2024\/06\/events_grencso-768x402.png 768w, https:\/\/www.posticum.ro\/wp-content\/uploads\/2024\/06\/events_grencso-1536x804.png 1536w, https:\/\/www.posticum.ro\/wp-content\/uploads\/2024\/06\/events_grencso.png 1921w\" sizes=\"(max-width: 750px) 100vw, 750px\" \/>\t\t\t\t\t\t\t\t\t\t\t\t\t\t\t<\/div>\n\t\t\t\t<\/div>\n\t\t\t\t<div class=\"elementor-element elementor-element-e696d35 elementor-widget elementor-widget-text-editor\" data-id=\"e696d35\" data-element_type=\"widget\" data-widget_type=\"text-editor.default\">\n\t\t\t\t<div class=\"elementor-widget-container\">\n\t\t\t\t\t\t\t\t\t<p>2024 June 14. <br \/><strong>GRENCS\u00d3 PORT &amp; LEWIS JORDAN<\/strong><\/p><p>Lewis Jordan - a-sax, poetry<br \/>Istv\u00e1n Grencs\u00f3 - wind instruments<br \/>R\u00f3bert Benk\u0151 - Bass<br \/>Szilveszter Mikl\u00f3s - Drums<\/p><p>admission: donation \/\/ start: 19:00<\/p><p>For over 20 years Grencs\u00f3 and Jordan have savoured their international connection. From the early performances together at G\u00f6d\u00f6r at De\u00e1k t\u00e9r, Jelen near Blaha Lujza t\u00e9r, and Traf\u00f3 in Budapest, they have inspired each other into a whirlwind of improvisation. Since then, outside of Budapest, they have performed from Gy\u00f6r to Szeged, B\u00e9k\u00e9scsaba and from Magyarkanizsa to Dunaszerdahely.<br \/>They have recorded twice on the BMC label (Homespun in Black and White and Local Time). Both musicians thrive in an atmosphere of free exploration, and they shape their sounds in a way to summon the spirits. Those spirits may come quietly, or they may come ferociously, but the summoning is what matters. Grencs\u00f3 plays saxophones, clarinet, flute, and wind instruments of all kinds.<br \/>Jordan, based in California, leads his Music at Large ensemble there and they have released four recent CDs, with Critical Mass (Innova 073) the latest.<\/p><p>Listen to this appetizer: <br \/><a href=\"https:\/\/youtu.be\/sBnZykfZRto\"><strong>Grencs\u00f3 with Lewis Jordan \u00a0<\/strong> (YouTube)<\/a><\/p><p><span class=\"x193iq5w xeuugli x13faqbe x1vvkbs x1xmvt09 x1lliihq x1s928wv xhkezso x1gmr53x x1cpjm7i x1fgarty x1943h6x xudqn12 x3x7a5m x6prxxf xvq8zen xo1l8bm xzsf02u\" dir=\"auto\">The Jazz concerts on the Posticum terrace are with free entrance - Instead, we suggest our guests to make a donation of 25 RON for the social case of the teenager Vivien Kiraly (<a class=\"x1i10hfl xjbqb8w x1ejq31n xd10rxx x1sy0etr x17r0tee x972fbf xcfux6l x1qhh985 xm0m39n x9f619 x1ypdohk xt0psk2 xe8uvvx xdj266r x11i5rnm xat24cr x1mh8g0r xexx8yu x4uap5 x18d9i69 xkhd6sd x16tdsg8 x1hl2dhg xggy1nq x1a2a7pz x1sur9pj xkrqix3 xzsf02u x1s688f\" href=\"https:\/\/www.facebook.com\/photo\/?fbid=756970056568888&amp;set=a.432213729044524&amp;__cft__[0]=AZVnjlSSKxN0lZl5Z5WvJtGUQ7FPcDfSSTwMI0VL4v10stjL821Ue7ZU33O53mAsXi7ssbNluCeXpOCcHmpT1KbMY-4iuQ3p6YzSyvrRC_xpk56pd76p4YV6b-ZDP0GCTCEkLPpy3mJ11S8OFeFPNZevbAP3MR8iToPSgwp42xNxVg&amp;__tn__=q\" role=\"link\" target=\"_blank\" rel=\"noopener\" tabindex=\"0\">https:\/\/www.facebook.com\/photo?fbid=756970056568888&amp;set=a.432213729044524<\/a>).<\/span><\/p><p>See you soon!!<\/p>\t\t\t\t\t\t\t\t<\/div>\n\t\t\t\t<\/div>\n\t\t\t\t\t<\/div>\n\t\t<\/div>\n\t\t\t\t\t<\/div>\n\t\t<\/section>\n\t\t\t\t<\/div>","protected":false},"excerpt":{"rendered":"<p>2024 June 14. GRENCS\u00d3 PORT &amp; LEWIS JORDAN Lewis Jordan &#8211; a-sax, poetryGrencs\u00f3 Istv\u00e1n \u2013 wind instrumentsBenk\u0151 R\u00f3bert &#8211; BassMikl\u00f3s Szilveszter &#8211; Drums admission: donation \/\/ start: 19:00 For over 20 years Grencs\u00f3 and Jordan have savored their international connection. From the early performances together at G\u00f6d\u00f6r at De\u00e1k t\u00e9r, [&hellip;]<\/p>","protected":false},"author":2,"featured_media":0,"comment_status":"open","ping_status":"open","sticky":false,"template":"","format":"standard","meta":{"_exactmetrics_skip_tracking":false,"_exactmetrics_sitenote_active":false,"_exactmetrics_sitenote_note":"","_exactmetrics_sitenote_category":0,"footnotes":""},"categories":[1,27,31],"tags":[153,22,152,154],"class_list":["post-4997","post","type-post","status-publish","format-standard","hentry","category-egyeb","category-koncert","category-kulturalis-program","tag-istvan-grencso","tag-jazz","tag-jazzterrace-2024","tag-lewis-jordan"],"_links":{"self":[{"href":"https:\/\/www.posticum.ro\/en\/wp-json\/wp\/v2\/posts\/4997","targetHints":{"allow":["GET"]}}],"collection":[{"href":"https:\/\/www.posticum.ro\/en\/wp-json\/wp\/v2\/posts"}],"about":[{"href":"https:\/\/www.posticum.ro\/en\/wp-json\/wp\/v2\/types\/post"}],"author":[{"embeddable":true,"href":"https:\/\/www.posticum.ro\/en\/wp-json\/wp\/v2\/users\/2"}],"replies":[{"embeddable":true,"href":"https:\/\/www.posticum.ro\/en\/wp-json\/wp\/v2\/comments?post=4997"}],"version-history":[{"count":22,"href":"https:\/\/www.posticum.ro\/en\/wp-json\/wp\/v2\/posts\/4997\/revisions"}],"predecessor-version":[{"id":5090,"href":"https:\/\/www.posticum.ro\/en\/wp-json\/wp\/v2\/posts\/4997\/revisions\/5090"}],"wp:attachment":[{"href":"https:\/\/www.posticum.ro\/en\/wp-json\/wp\/v2\/media?parent=4997"}],"wp:term":[{"taxonomy":"category","embeddable":true,"href":"https:\/\/www.posticum.ro\/en\/wp-json\/wp\/v2\/categories?post=4997"},{"taxonomy":"post_tag","embeddable":true,"href":"https:\/\/www.posticum.ro\/en\/wp-json\/wp\/v2\/tags?post=4997"}],"curies":[{"name":"wp","href":"https:\/\/api.w.org\/{rel}","templated":true}]}}