{"id":4382,"date":"2024-05-26T23:50:21","date_gmt":"2024-05-26T21:50:21","guid":{"rendered":"https:\/\/www.posticum.ro\/?p=4382"},"modified":"2024-05-24T11:19:03","modified_gmt":"2024-05-24T09:19:03","slug":"mantra-jazz","status":"publish","type":"post","link":"https:\/\/www.posticum.ro\/en\/mantra-jazz\/","title":{"rendered":"MAY 26., 2024 &#8211; 7pm \/\/ JAZZTERRACE 2024: MANTRA &#038; JAZZ"},"content":{"rendered":"<div data-elementor-type=\"wp-post\" data-elementor-id=\"4382\" class=\"elementor elementor-4382\">\n\t\t\t\t\t\t<section class=\"has_eae_slider elementor-section elementor-top-section elementor-element elementor-element-e4882f6 elementor-section-boxed elementor-section-height-default elementor-section-height-default\" data-id=\"e4882f6\" data-element_type=\"section\">\n\t\t\t\t\t\t<div class=\"elementor-container elementor-column-gap-default\">\n\t\t\t\t\t<div class=\"has_eae_slider elementor-column elementor-col-100 elementor-top-column elementor-element elementor-element-8f9e5b9\" data-id=\"8f9e5b9\" data-element_type=\"column\">\n\t\t\t<div class=\"elementor-widget-wrap elementor-element-populated\">\n\t\t\t\t\t\t<div class=\"elementor-element elementor-element-72dbde8 elementor-widget elementor-widget-image\" data-id=\"72dbde8\" data-element_type=\"widget\" data-widget_type=\"image.default\">\n\t\t\t\t<div class=\"elementor-widget-container\">\n\t\t\t\t\t\t\t\t\t\t\t\t\t\t\t<img fetchpriority=\"high\" decoding=\"async\" width=\"750\" height=\"393\" src=\"https:\/\/www.posticum.ro\/wp-content\/uploads\/2024\/05\/mantraJAZZ-facebook_Zeichenflache-1-Kopie-1024x536.png\" class=\"attachment-large size-large wp-image-4384\" alt=\"\" srcset=\"https:\/\/www.posticum.ro\/wp-content\/uploads\/2024\/05\/mantraJAZZ-facebook_Zeichenflache-1-Kopie-1024x536.png 1024w, https:\/\/www.posticum.ro\/wp-content\/uploads\/2024\/05\/mantraJAZZ-facebook_Zeichenflache-1-Kopie-300x157.png 300w, https:\/\/www.posticum.ro\/wp-content\/uploads\/2024\/05\/mantraJAZZ-facebook_Zeichenflache-1-Kopie-768x402.png 768w, https:\/\/www.posticum.ro\/wp-content\/uploads\/2024\/05\/mantraJAZZ-facebook_Zeichenflache-1-Kopie-1536x804.png 1536w, https:\/\/www.posticum.ro\/wp-content\/uploads\/2024\/05\/mantraJAZZ-facebook_Zeichenflache-1-Kopie.png 1920w\" sizes=\"(max-width: 750px) 100vw, 750px\" \/>\t\t\t\t\t\t\t\t\t\t\t\t\t\t\t<\/div>\n\t\t\t\t<\/div>\n\t\t\t\t<div class=\"elementor-element elementor-element-e696d35 elementor-widget elementor-widget-text-editor\" data-id=\"e696d35\" data-element_type=\"widget\" data-widget_type=\"text-editor.default\">\n\t\t\t\t<div class=\"elementor-widget-container\">\n\t\t\t\t\t\t\t\t\t<p>&#8211; opening concert &#8211;<\/p><p><strong>POSTICUM JAZZTERRACE 2024:\u00a0 MANTRA &amp; JAZZ<\/strong><br \/><strong><\/strong><\/p><div class=\"xdj266r x11i5rnm xat24cr x1mh8g0r x1vvkbs\"><a href=\"https:\/\/youtu.be\/Z5v0oqznLCc?si=N37VuycB7rJhU85v\" target=\"_blank\" rel=\"noopener\">Hajd\u00fa Kl\u00e1ra-Szakonyi Mil\u00e1n duo<\/a>\u00a0\u00a0 &amp; \u00a0 <a href=\"https:\/\/www.youtube.com\/watch?v=eAEH50a9yHU\" target=\"_blank\" rel=\"noopener\">Bader Oliver JAZZLANDTRIO<\/a><\/div><div class=\"xdj266r x11i5rnm xat24cr x1mh8g0r x1vvkbs\"><p>The first concert of the jazzterrace opens the Posticum\u2018s 25th anniversary year!<\/p><p><em>start: 19:00 || admission: donation<\/em><\/p><p>EN<br \/>The program coincides with the last international sesshine (retreat) of Swiss Jesuit monk and Zen master Niklaus Brantschen. The Program is a big meeting. Sacred texts and ancient melodies meet jazz and the improvisations of the Zurich dancer Marianne Kaiser. As a farewell, we can hear some personal tips from Zen master Niklaus Brantschen: about meeting, arriving, and living life to the fullest.<\/p><p>The Jazz concerts on the Posticum terrace are with free entrance - Instead, we suggest our guests to make a donation of 25 RON for the social case of the teenager Vivien Kiraly (<a class=\"x1i10hfl xjbqb8w x1ejq31n xd10rxx x1sy0etr x17r0tee x972fbf xcfux6l x1qhh985 xm0m39n x9f619 x1ypdohk xt0psk2 xe8uvvx xdj266r x11i5rnm xat24cr x1mh8g0r xexx8yu x4uap5 x18d9i69 xkhd6sd x16tdsg8 x1hl2dhg xggy1nq x1a2a7pz x1sur9pj xkrqix3 xzsf02u x1s688f\" href=\"https:\/\/www.facebook.com\/photo\/?fbid=756970056568888&amp;set=a.432213729044524&amp;__cft__[0]=AZUcsrgMwH8734fMpu1h93jjUB-RhF-xnRlqiORJ-LwEY9MJFxL9iXB21SgDbxx2Kdb48djM_u2_QVukDs7HhHoj0AtazkSUf0pn4XLzhm9ZM-69gCnR8gzmeSCib8jtTUsd8dtSDggJSyTgJ8eNIsz5KoiWslEAjIHwW_u5WAZEeA&amp;__tn__=q\" role=\"link\" target=\"_blank\" rel=\"noopener\" tabindex=\"0\">https:\/\/www.facebook.com\/photo?fbid=756970056568888&amp;set=a.432213729044524<\/a>).<\/p><div class=\"x11i5rnm xat24cr x1mh8g0r x1vvkbs xtlvy1s\"><\/div><p>RO<br \/>Primul concert al terasei de jazz de var\u0103 deschide anul de 25 de ani de la Posticum. Programul coincide cu ultima \u0219edin\u021b\u0103 interna\u021bional\u0103 (retragere) a c\u0103lug\u0103rului iezuit elve\u021bian \u0219i a maestrului zen Niklaus Brantschen. Programul este o mare \u00eent\u00e2lnire. Textele sacre \u0219i melodiile str\u0103vechi se \u00eent\u00e2lnesc cu jazz-ul \u0219i improviza\u021biile dansatoarei din Zurich Marianne Kaiser. Drept r\u0103mas bun, putem auzi c\u00e2teva sfaturi personale de la maestrul zen Niklaus Brantschen: despre \u00eent\u00e2lnirea, sosirea \u0219i tr\u0103irea la maximum a vie\u021bii.<\/p><div class=\"x11i5rnm xat24cr x1mh8g0r x1vvkbs xtlvy1s\">Concertele de Jazz pe terasa Posticum sunt gratuite &#8211; \u00cen schimb, suger\u0103m oaspe\u021bilor no\u0219tri s\u0103 fac\u0103 o dona\u021bie de 25 RON pentru cazului social al adolescentei Vivien Kiraly (<a class=\"x1i10hfl xjbqb8w x1ejq31n xd10rxx x1sy0etr x17r0tee x972fbf xcfux6l x1qhh985 xm0m39n x9f619 x1ypdohk xt0psk2 xe8uvvx xdj266r x11i5rnm xat24cr x1mh8g0r xexx8yu x4uap5 x18d9i69 xkhd6sd x16tdsg8 x1hl2dhg xggy1nq x1a2a7pz x1sur9pj xkrqix3 xzsf02u x1s688f\" href=\"https:\/\/www.facebook.com\/photo\/?fbid=756970056568888&amp;set=a.432213729044524&amp;__cft__[0]=AZUcsrgMwH8734fMpu1h93jjUB-RhF-xnRlqiORJ-LwEY9MJFxL9iXB21SgDbxx2Kdb48djM_u2_QVukDs7HhHoj0AtazkSUf0pn4XLzhm9ZM-69gCnR8gzmeSCib8jtTUsd8dtSDggJSyTgJ8eNIsz5KoiWslEAjIHwW_u5WAZEeA&amp;__tn__=q\" role=\"link\" target=\"_blank\" rel=\"noopener\" tabindex=\"0\">https:\/\/www.facebook.com\/photo?fbid=756970056568888&amp;set=a.432213729044524<\/a>).<\/div><p><br \/>EN<br \/>A ny\u00e1ri jazzterasz els\u0151 koncertje nyitja meg a Posticum 25. jubileumi \u00e9v\u00e9t. A Program egybeesik Niklaus Brantschen sv\u00e1jci jezsuita szerzetes \u00e9s zen mester utols\u00f3 nemzetk\u00f6zi sesshin\u00e9vel (elvonul\u00e1s). A Program egy nagy tal\u00e1lkoz\u00e1s. A szent sz\u00f6vegek \u00e9s az \u0151si dallamok tal\u00e1lkoznak a dzsesszel \u00e9s Marianne Kaiser z\u00fcrichi t\u00e1ncm\u0171v\u00e9szn\u0151 impoviz\u00e1ci\u00f3ival. B\u00facs\u00faz\u00e1sul n\u00e9h\u00e1ny szem\u00e9lyes tippet hallhatunk Niklaus Brantschen zen mestert\u0151l: tal\u00e1lkoz\u00e1sr\u00f3l, meg\u00e9rkez\u00e9sr\u0151l, a teljes \u00e9letr\u0151l.<\/p><p>A Posticum Jazzterasz koncertek ingyenesek. 25 lejes adom\u00e1ny\u00e1val Kir\u00e1ly Vivien s\u00falyos m\u0171t\u00e9tj\u00e9t t\u00e1mogathatja\u00a0 (<a class=\"x1i10hfl xjbqb8w x1ejq31n xd10rxx x1sy0etr x17r0tee x972fbf xcfux6l x1qhh985 xm0m39n x9f619 x1ypdohk xt0psk2 xe8uvvx xdj266r x11i5rnm xat24cr x1mh8g0r xexx8yu x4uap5 x18d9i69 xkhd6sd x16tdsg8 x1hl2dhg xggy1nq x1a2a7pz x1sur9pj xkrqix3 xzsf02u x1s688f\" href=\"https:\/\/www.facebook.com\/photo\/?fbid=756970056568888&amp;set=a.432213729044524&amp;__cft__[0]=AZUcsrgMwH8734fMpu1h93jjUB-RhF-xnRlqiORJ-LwEY9MJFxL9iXB21SgDbxx2Kdb48djM_u2_QVukDs7HhHoj0AtazkSUf0pn4XLzhm9ZM-69gCnR8gzmeSCib8jtTUsd8dtSDggJSyTgJ8eNIsz5KoiWslEAjIHwW_u5WAZEeA&amp;__tn__=q\" role=\"link\" target=\"_blank\" rel=\"noopener\" tabindex=\"0\">https:\/\/www.facebook.com\/photo?fbid=756970056568888&amp;set=a.432213729044524<\/a>).<\/p><p>see you soon!!<\/p><\/div>\t\t\t\t\t\t\t\t<\/div>\n\t\t\t\t<\/div>\n\t\t\t\t\t<\/div>\n\t\t<\/div>\n\t\t\t\t\t<\/div>\n\t\t<\/section>\n\t\t\t\t<\/div>","protected":false},"excerpt":{"rendered":"<p>&#8211; opening concert &#8211; POSTICUM JAZZTERRACE 2024:\u00a0 MANTRA &amp; JAZZ Hajd\u00fa Kl\u00e1ra-Szakonyi Mil\u00e1n duo\u00a0\u00a0 &amp; \u00a0 Bader Oliver JAZZLANDTRIO The first concert of the jazzterrace opens the Posticum\u2018s 25th anniversary year! start: 19:00 || admission: donation ENThe program coincides with the last international sesshine (retreat) of Swiss Jesuit monk and [&hellip;]<\/p>","protected":false},"author":2,"featured_media":0,"comment_status":"open","ping_status":"open","sticky":false,"template":"","format":"standard","meta":{"_exactmetrics_skip_tracking":false,"_exactmetrics_sitenote_active":false,"_exactmetrics_sitenote_note":"","_exactmetrics_sitenote_category":0,"footnotes":""},"categories":[1,27,31,32],"tags":[80,114,149,22,151,152,79,150],"class_list":["post-4382","post","type-post","status-publish","format-standard","hentry","category-egyeb","category-koncert","category-kulturalis-program","category-nemzetkozi-program","tag-80","tag-bader-oliver","tag-hajdu-klara","tag-jazz","tag-jazzlandtrio","tag-jazzterrace-2024","tag-mantra","tag-szakonyi-milan"],"_links":{"self":[{"href":"https:\/\/www.posticum.ro\/en\/wp-json\/wp\/v2\/posts\/4382","targetHints":{"allow":["GET"]}}],"collection":[{"href":"https:\/\/www.posticum.ro\/en\/wp-json\/wp\/v2\/posts"}],"about":[{"href":"https:\/\/www.posticum.ro\/en\/wp-json\/wp\/v2\/types\/post"}],"author":[{"embeddable":true,"href":"https:\/\/www.posticum.ro\/en\/wp-json\/wp\/v2\/users\/2"}],"replies":[{"embeddable":true,"href":"https:\/\/www.posticum.ro\/en\/wp-json\/wp\/v2\/comments?post=4382"}],"version-history":[{"count":57,"href":"https:\/\/www.posticum.ro\/en\/wp-json\/wp\/v2\/posts\/4382\/revisions"}],"predecessor-version":[{"id":5031,"href":"https:\/\/www.posticum.ro\/en\/wp-json\/wp\/v2\/posts\/4382\/revisions\/5031"}],"wp:attachment":[{"href":"https:\/\/www.posticum.ro\/en\/wp-json\/wp\/v2\/media?parent=4382"}],"wp:term":[{"taxonomy":"category","embeddable":true,"href":"https:\/\/www.posticum.ro\/en\/wp-json\/wp\/v2\/categories?post=4382"},{"taxonomy":"post_tag","embeddable":true,"href":"https:\/\/www.posticum.ro\/en\/wp-json\/wp\/v2\/tags?post=4382"}],"curies":[{"name":"wp","href":"https:\/\/api.w.org\/{rel}","templated":true}]}}