{"id":3907,"date":"2023-03-18T23:59:48","date_gmt":"2023-03-18T21:59:48","guid":{"rendered":"https:\/\/www.posticum.ro\/?p=3907"},"modified":"2023-03-10T12:04:32","modified_gmt":"2023-03-10T10:04:32","slug":"oradea-jazz-weekendposticum","status":"publish","type":"post","link":"https:\/\/www.posticum.ro\/en\/oradea-jazz-weekendposticum\/","title":{"rendered":"17-18. of March - Oradea JAZZ Weekend@Posticum"},"content":{"rendered":"<div data-elementor-type=\"wp-post\" data-elementor-id=\"3907\" class=\"elementor elementor-3907\">\n\t\t\t\t\t\t<section class=\"has_eae_slider elementor-section elementor-top-section elementor-element elementor-element-6cc39f6 elementor-section-boxed elementor-section-height-default elementor-section-height-default\" data-id=\"6cc39f6\" data-element_type=\"section\">\n\t\t\t\t\t\t<div class=\"elementor-container elementor-column-gap-default\">\n\t\t\t\t\t<div class=\"has_eae_slider elementor-column elementor-col-100 elementor-top-column elementor-element elementor-element-d390d09\" data-id=\"d390d09\" data-element_type=\"column\">\n\t\t\t<div class=\"elementor-widget-wrap elementor-element-populated\">\n\t\t\t\t\t\t<div class=\"elementor-element elementor-element-e221de3 elementor-widget elementor-widget-video\" data-id=\"e221de3\" data-element_type=\"widget\" data-settings=\"{&quot;youtube_url&quot;:&quot;https:\\\/\\\/www.youtube.com\\\/watch?v=m5ZUs4kHCMk&quot;,&quot;video_type&quot;:&quot;youtube&quot;,&quot;controls&quot;:&quot;yes&quot;}\" data-widget_type=\"video.default\">\n\t\t\t\t<div class=\"elementor-widget-container\">\n\t\t\t\t\t\t\t<div class=\"elementor-wrapper elementor-open-inline\">\n\t\t\t<div class=\"elementor-video\"><\/div>\t\t<\/div>\n\t\t\t\t\t\t<\/div>\n\t\t\t\t<\/div>\n\t\t\t\t<div class=\"elementor-element elementor-element-de0b811 elementor-widget elementor-widget-heading\" data-id=\"de0b811\" data-element_type=\"widget\" data-widget_type=\"heading.default\">\n\t\t\t\t<div class=\"elementor-widget-container\">\n\t\t\t\t\t<h4 class=\"elementor-heading-title elementor-size-default\">PROGRAM:<\/h4>\t\t\t\t<\/div>\n\t\t\t\t<\/div>\n\t\t\t\t<div class=\"elementor-element elementor-element-73eac53 elementor-widget elementor-widget-image\" data-id=\"73eac53\" data-element_type=\"widget\" data-widget_type=\"image.default\">\n\t\t\t\t<div class=\"elementor-widget-container\">\n\t\t\t\t\t\t\t\t\t\t\t\t\t\t\t<img fetchpriority=\"high\" decoding=\"async\" width=\"723\" height=\"1024\" src=\"https:\/\/www.posticum.ro\/wp-content\/uploads\/2023\/03\/334914120_575005377894754_4933842620313241705_n-723x1024.png\" class=\"attachment-large size-large wp-image-3912\" alt=\"\" srcset=\"https:\/\/www.posticum.ro\/wp-content\/uploads\/2023\/03\/334914120_575005377894754_4933842620313241705_n-723x1024.png 723w, https:\/\/www.posticum.ro\/wp-content\/uploads\/2023\/03\/334914120_575005377894754_4933842620313241705_n-212x300.png 212w, https:\/\/www.posticum.ro\/wp-content\/uploads\/2023\/03\/334914120_575005377894754_4933842620313241705_n.png 727w\" sizes=\"(max-width: 723px) 100vw, 723px\" \/>\t\t\t\t\t\t\t\t\t\t\t\t\t\t\t<\/div>\n\t\t\t\t<\/div>\n\t\t\t\t<div class=\"elementor-element elementor-element-5c74005 elementor-widget elementor-widget-text-editor\" data-id=\"5c74005\" data-element_type=\"widget\" data-widget_type=\"text-editor.default\">\n\t\t\t\t<div class=\"elementor-widget-container\">\n\t\t\t\t\t\t\t\t\t<p><\/p><ul><li style=\"font-weight: 400;\" aria-level=\"1\"><strong>Friday 17th<\/strong><span style=\"font-weight: 400;\"><strong> March:<\/strong><\/span><ul><li style=\"font-weight: 400;\" aria-level=\"1\"><span style=\"font-weight: 400;\">19:00: <\/span><b>BALAZZS ELEM\u00c9R Group<\/b><\/li><\/ul><\/li><li style=\"font-weight: 400;\" aria-level=\"1\"><strong>Saturday 18th<\/strong><span style=\"font-weight: 400;\"><strong> of March<\/strong>:<\/span><ul><li style=\"font-weight: 400;\" aria-level=\"2\"><span style=\"font-weight: 400;\">18:00: <\/span><b>Guitar Duo Oradea<\/b><span style=\"font-weight: 400;\"> - Bandi Balogh &amp; Oliver Bader<\/span><\/li><li style=\"font-weight: 400;\" aria-level=\"2\"><span style=\"font-weight: 400;\">19:00: <\/span><b>EAST Gipsy BAND<\/b><span style=\"font-weight: 400;\">\u00a0<\/span><\/li><\/ul><\/li><\/ul><p><b>EN<\/b><span style=\"font-weight: 400;\">: This is a charity concert for <\/span><a href=\"https:\/\/www.thezenhostel.com\/en-egalitas-restaurant\"><b>EGALITAS Restaurant Project<\/b><\/a><span style=\"font-weight: 400;\"> \/\/ <\/span><b>RO<\/b><span style=\"font-weight: 400;\">: concert de caritate \/\/ <\/span><b>EN<\/b><span style=\"font-weight: 400;\">: charity concert: <\/span><span style=\"font-weight: 400;\">\u00a0<\/span><\/p>\t\t\t\t\t\t\t\t<\/div>\n\t\t\t\t<\/div>\n\t\t\t\t<div class=\"elementor-element elementor-element-16f1a61 elementor-widget elementor-widget-heading\" data-id=\"16f1a61\" data-element_type=\"widget\" data-widget_type=\"heading.default\">\n\t\t\t\t<div class=\"elementor-widget-container\">\n\t\t\t\t\t<h4 class=\"elementor-heading-title elementor-size-default\">TICKETS \/ BILETE \/ TICKETS<\/h4>\t\t\t\t<\/div>\n\t\t\t\t<\/div>\n\t\t\t\t<div class=\"elementor-element elementor-element-494cda2 elementor-widget elementor-widget-text-editor\" data-id=\"494cda2\" data-element_type=\"widget\" data-widget_type=\"text-editor.default\">\n\t\t\t\t<div class=\"elementor-widget-container\">\n\t\t\t\t\t\t\t\t\t<div><b>\u00a0<\/b><\/div><p><span style=\"font-weight: 400;\">TICKETS are in a limited edition, <\/span><b>PRESALE ONLY:<\/b><\/p><ul><li style=\"font-weight: 400;\" aria-level=\"1\"><span style=\"font-weight: 400;\">at <\/span><i><span style=\"font-weight: 400;\">Posticum<\/span><\/i><span style=\"font-weight: 400;\"> reception (09:00 - 20:00 \/ 0744504051)\u00a0<\/span><\/li><li style=\"font-weight: 400;\" aria-level=\"1\"><span style=\"font-weight: 400;\">at<\/span><a href=\"https:\/\/www.facebook.com\/lokal.oradea\"><i><span style=\"font-weight: 400;\"> Local pub<\/span><\/i><\/a><span style=\"font-weight: 400;\"> (daily from 16:00PM) \/ <\/span><span style=\"font-weight: 400;\">\u00a0 \u00a0<\/span><\/li><\/ul><p><span style=\"font-weight: 400;\">BILETE (\u00een num\u0103r limitat) se pot achizi\u021biona <\/span><b>DOAR IN AVANS<\/b><span style=\"font-weight: 400;\"> la:<\/span><\/p><ul><li style=\"font-weight: 400;\" aria-level=\"1\"><span style=\"font-weight: 400;\">recep\u021bia <\/span><i><span style=\"font-weight: 400;\">Posticum <\/span><\/i><span style=\"font-weight: 400;\">(09:00 - 20:00 \/ 0744504051)<\/span><\/li><li style=\"font-weight: 400;\" aria-level=\"1\"><a href=\"https:\/\/www.facebook.com\/lokal.oradea\"><i><span style=\"font-weight: 400;\">Local pub<\/span><\/i><\/a><span style=\"font-weight: 400;\"> (zilnic de la orele 16:00) \/ <\/span><span style=\"font-weight: 400;\">\u00a0<\/span><\/li><\/ul><p><span style=\"font-weight: 400;\">A limited number of TICKETS, <\/span><b>ONLY IN ADVANCE<\/b><span style=\"font-weight: 400;\"> are located in:<\/span><\/p><ul><li style=\"font-weight: 400;\" aria-level=\"1\"><span style=\"font-weight: 400;\">a <\/span><i><span style=\"font-weight: 400;\">Posticum<\/span><\/i><span style=\"font-weight: 400;\"> reception (09:00 - 20:00 \/ 0744504051)<\/span><\/li><li style=\"font-weight: 400;\" aria-level=\"1\"><span style=\"font-weight: 400;\">a <\/span><a href=\"https:\/\/www.facebook.com\/lokal.oradea\"><i><span style=\"font-weight: 400;\">Local<\/span><\/i><\/a><span style=\"font-weight: 400;\">-daily from 16:00 \/ <\/span><span style=\"font-weight: 400;\">\u00a0<\/span><\/li><\/ul><p><b>FRIDAY<\/b><span style=\"font-weight: 400;\">\/VINERI\/FRIDAY:<\/span><\/p><ul><li style=\"font-weight: 400;\" aria-level=\"1\"><b>50 RON<\/b><span style=\"font-weight: 400;\"> \/ adult<\/span><\/li><li style=\"font-weight: 400;\" aria-level=\"1\"><b>20 RON<\/b><span style=\"font-weight: 400;\"> \/ student<\/span><\/li><\/ul><p><b>SATURDAY<\/b><span style=\"font-weight: 400;\">\/SAMBATA\/SATURDAY:<\/span><\/p><ul><li style=\"font-weight: 400;\" aria-level=\"1\"><b>50 RO<\/b><span style=\"font-weight: 400;\">N \/ adult<\/span><\/li><li style=\"font-weight: 400;\" aria-level=\"1\"><b>20 RO<\/b><span style=\"font-weight: 400;\">N \/ student<\/span><\/li><\/ul><p><span style=\"font-weight: 400;\">Let the Jazz begin!<\/span><\/p>\t\t\t\t\t\t\t\t<\/div>\n\t\t\t\t<\/div>\n\t\t\t\t<div class=\"elementor-element elementor-element-17de636 elementor-widget elementor-widget-video\" data-id=\"17de636\" data-element_type=\"widget\" data-settings=\"{&quot;youtube_url&quot;:&quot;https:\\\/\\\/www.youtube.com\\\/watch?v=gXtkSKQ_8_Q&quot;,&quot;video_type&quot;:&quot;youtube&quot;,&quot;controls&quot;:&quot;yes&quot;}\" data-widget_type=\"video.default\">\n\t\t\t\t<div class=\"elementor-widget-container\">\n\t\t\t\t\t\t\t<div class=\"elementor-wrapper elementor-open-inline\">\n\t\t\t<div class=\"elementor-video\"><\/div>\t\t<\/div>\n\t\t\t\t\t\t<\/div>\n\t\t\t\t<\/div>\n\t\t\t\t\t<\/div>\n\t\t<\/div>\n\t\t\t\t\t<\/div>\n\t\t<\/section>\n\t\t\t\t<\/div>","protected":false},"excerpt":{"rendered":"<p>PROGRAM: Friday 17th March: 19:00: BAL\u00c1ZS ELEM\u00c9R Group Saturday 18th of March: 18:00: Guitar Duo Oradea &#8211; Bandi Balogh &amp; Oliver Bader 19:00: EAST Gipsy BAND\u00a0 EN: This is a charity concert for EGALITAS Restaurant Project \/\/ RO: concert de caritate \/\/ HU: j\u00f3t\u00e9konys\u00e1gi koncert: \u00a0 TICKETS \/ BILETE \/ [&hellip;]<\/p>","protected":false},"author":1,"featured_media":0,"comment_status":"open","ping_status":"open","sticky":false,"template":"","format":"standard","meta":{"_exactmetrics_skip_tracking":false,"_exactmetrics_sitenote_active":false,"_exactmetrics_sitenote_note":"","_exactmetrics_sitenote_category":0,"footnotes":""},"categories":[27],"tags":[],"class_list":["post-3907","post","type-post","status-publish","format-standard","hentry","category-koncert"],"_links":{"self":[{"href":"https:\/\/www.posticum.ro\/en\/wp-json\/wp\/v2\/posts\/3907","targetHints":{"allow":["GET"]}}],"collection":[{"href":"https:\/\/www.posticum.ro\/en\/wp-json\/wp\/v2\/posts"}],"about":[{"href":"https:\/\/www.posticum.ro\/en\/wp-json\/wp\/v2\/types\/post"}],"author":[{"embeddable":true,"href":"https:\/\/www.posticum.ro\/en\/wp-json\/wp\/v2\/users\/1"}],"replies":[{"embeddable":true,"href":"https:\/\/www.posticum.ro\/en\/wp-json\/wp\/v2\/comments?post=3907"}],"version-history":[{"count":8,"href":"https:\/\/www.posticum.ro\/en\/wp-json\/wp\/v2\/posts\/3907\/revisions"}],"predecessor-version":[{"id":3943,"href":"https:\/\/www.posticum.ro\/en\/wp-json\/wp\/v2\/posts\/3907\/revisions\/3943"}],"wp:attachment":[{"href":"https:\/\/www.posticum.ro\/en\/wp-json\/wp\/v2\/media?parent=3907"}],"wp:term":[{"taxonomy":"category","embeddable":true,"href":"https:\/\/www.posticum.ro\/en\/wp-json\/wp\/v2\/categories?post=3907"},{"taxonomy":"post_tag","embeddable":true,"href":"https:\/\/www.posticum.ro\/en\/wp-json\/wp\/v2\/tags?post=3907"}],"curies":[{"name":"wp","href":"https:\/\/api.w.org\/{rel}","templated":true}]}}