{"id":3887,"date":"2023-02-24T23:59:38","date_gmt":"2023-02-24T21:59:38","guid":{"rendered":"https:\/\/www.posticum.ro\/?p=3887"},"modified":"2023-01-31T16:46:29","modified_gmt":"2023-01-31T14:46:29","slug":"2023-february-24th-7pm-feher-fabio-trio","status":"publish","type":"post","link":"https:\/\/www.posticum.ro\/en\/2023-february-24th-7pm-feher-fabio-trio\/","title":{"rendered":"2023. February 24th, 7pm.: Feh\u00e9r F\u00e1bi\u00f3 Trio"},"content":{"rendered":"<div data-elementor-type=\"wp-post\" data-elementor-id=\"3887\" class=\"elementor elementor-3887\">\n\t\t\t\t\t\t<section class=\"has_eae_slider elementor-section elementor-top-section elementor-element elementor-element-7870263 elementor-section-boxed elementor-section-height-default elementor-section-height-default\" data-id=\"7870263\" data-element_type=\"section\">\n\t\t\t\t\t\t<div class=\"elementor-container elementor-column-gap-default\">\n\t\t\t\t\t<div class=\"has_eae_slider elementor-column elementor-col-50 elementor-top-column elementor-element elementor-element-51dc3fa\" data-id=\"51dc3fa\" data-element_type=\"column\">\n\t\t\t<div class=\"elementor-widget-wrap elementor-element-populated\">\n\t\t\t\t\t\t<div class=\"elementor-element elementor-element-3515e34 elementor-widget elementor-widget-image\" data-id=\"3515e34\" data-element_type=\"widget\" data-widget_type=\"image.default\">\n\t\t\t\t<div class=\"elementor-widget-container\">\n\t\t\t\t\t\t\t\t\t\t\t\t\t\t\t<img fetchpriority=\"high\" decoding=\"async\" width=\"750\" height=\"394\" src=\"https:\/\/www.posticum.ro\/wp-content\/uploads\/2023\/02\/fabio-1024x538.png\" class=\"attachment-large size-large wp-image-3872\" alt=\"\" srcset=\"https:\/\/www.posticum.ro\/wp-content\/uploads\/2023\/02\/fabio-1024x538.png 1024w, https:\/\/www.posticum.ro\/wp-content\/uploads\/2023\/02\/fabio-300x158.png 300w, https:\/\/www.posticum.ro\/wp-content\/uploads\/2023\/02\/fabio-768x404.png 768w, https:\/\/www.posticum.ro\/wp-content\/uploads\/2023\/02\/fabio.png 1201w\" sizes=\"(max-width: 750px) 100vw, 750px\" \/>\t\t\t\t\t\t\t\t\t\t\t\t\t\t\t<\/div>\n\t\t\t\t<\/div>\n\t\t\t\t\t<\/div>\n\t\t<\/div>\n\t\t\t\t<div class=\"has_eae_slider elementor-column elementor-col-50 elementor-top-column elementor-element elementor-element-fefb379\" data-id=\"fefb379\" data-element_type=\"column\">\n\t\t\t<div class=\"elementor-widget-wrap elementor-element-populated\">\n\t\t\t\t\t\t<div class=\"elementor-element elementor-element-d6130ad elementor-widget elementor-widget-text-editor\" data-id=\"d6130ad\" data-element_type=\"widget\" data-widget_type=\"text-editor.default\">\n\t\t\t\t<div class=\"elementor-widget-container\">\n\t\t\t\t\t\t\t\t\t<p style=\"font-weight: 400;\"><span><strong>Friday February 24th<\/strong>, 7pm<\/span><\/p><p style=\"font-weight: 400;\"><span>Feh\u00e9r\u00a0F\u00e1bi\u00f3\u00a0Trio<\/span><\/p><p style=\"font-weight: 400;\"><span>Feher Fabio (guitar), Tam\u00e1s Fazekas (drums), Tam\u00e1s Berki (bass guitar)<br \/><\/span><\/p><p style=\"font-weight: 400;\"><span>Recognized among the Hungarian Jazz-scene in competition and having performed at numerous events, the\u00a0Feh\u00e9r\u00a0F\u00e1bi\u00f3\u00a0Trio will be sure to impress and dazzle with their wide variety of musical styles!<\/span><\/p><p style=\"font-weight: 400;\"><span>Come join us again at Posticum`s Jazzland for an evening of good people and quality music.<br \/><\/span><\/p><p style=\"font-weight: 400;\"><span><a href=\"https:\/\/www.youtube.com\/watch?v=HlXTyrIGxrw\" data-saferedirecturl=\"https:\/\/www.google.com\/url?q=https:\/\/www.youtube.com\/watch?v%3DHlXTyrIGxrw&amp;source=gmail&amp;ust=1675255813055000&amp;usg=AOvVaw0HLZyFiCD2klPk8kH9u_84\">https:\/\/www.youtube.com\/watch?v=HlXTyrIGxrw<\/a><\/span><\/p><p style=\"font-weight: 400;\"><span>Free entry, donations welcome!<\/span><\/p>\t\t\t\t\t\t\t\t<\/div>\n\t\t\t\t<\/div>\n\t\t\t\t\t<\/div>\n\t\t<\/div>\n\t\t\t\t\t<\/div>\n\t\t<\/section>\n\t\t\t\t<\/div>","protected":false},"excerpt":{"rendered":"<p>Friday February 24th, 7pm Feh\u00e9r\u00a0F\u00e1bi\u00f3\u00a0Trio Feher Fabio (guitar), Tam\u00e1s Fazekas (drums), Tam\u00e1s Berki (bass guitar) Recognized among the Hungarian Jazz-scene in competition and having performed at numerous events, the\u00a0Feh\u00e9r\u00a0F\u00e1bi\u00f3\u00a0Trio will be sure to impress and dazzle with their wide variety of musical styles! Come join us again at Posticum`s Jazzland [&hellip;]<\/p>","protected":false},"author":1,"featured_media":0,"comment_status":"open","ping_status":"open","sticky":false,"template":"","format":"standard","meta":{"_exactmetrics_skip_tracking":false,"_exactmetrics_sitenote_active":false,"_exactmetrics_sitenote_note":"","_exactmetrics_sitenote_category":0,"footnotes":""},"categories":[27],"tags":[],"class_list":["post-3887","post","type-post","status-publish","format-standard","hentry","category-koncert"],"_links":{"self":[{"href":"https:\/\/www.posticum.ro\/en\/wp-json\/wp\/v2\/posts\/3887","targetHints":{"allow":["GET"]}}],"collection":[{"href":"https:\/\/www.posticum.ro\/en\/wp-json\/wp\/v2\/posts"}],"about":[{"href":"https:\/\/www.posticum.ro\/en\/wp-json\/wp\/v2\/types\/post"}],"author":[{"embeddable":true,"href":"https:\/\/www.posticum.ro\/en\/wp-json\/wp\/v2\/users\/1"}],"replies":[{"embeddable":true,"href":"https:\/\/www.posticum.ro\/en\/wp-json\/wp\/v2\/comments?post=3887"}],"version-history":[{"count":4,"href":"https:\/\/www.posticum.ro\/en\/wp-json\/wp\/v2\/posts\/3887\/revisions"}],"predecessor-version":[{"id":3892,"href":"https:\/\/www.posticum.ro\/en\/wp-json\/wp\/v2\/posts\/3887\/revisions\/3892"}],"wp:attachment":[{"href":"https:\/\/www.posticum.ro\/en\/wp-json\/wp\/v2\/media?parent=3887"}],"wp:term":[{"taxonomy":"category","embeddable":true,"href":"https:\/\/www.posticum.ro\/en\/wp-json\/wp\/v2\/categories?post=3887"},{"taxonomy":"post_tag","embeddable":true,"href":"https:\/\/www.posticum.ro\/en\/wp-json\/wp\/v2\/tags?post=3887"}],"curies":[{"name":"wp","href":"https:\/\/api.w.org\/{rel}","templated":true}]}}