{"id":3826,"date":"2022-11-06T23:55:01","date_gmt":"2022-11-06T21:55:01","guid":{"rendered":"https:\/\/www.posticum.ro\/?p=3826"},"modified":"2022-10-03T16:43:09","modified_gmt":"2022-10-03T14:43:09","slug":"5-6-of-november-2022-therapeutic-breathing-days","status":"publish","type":"post","link":"https:\/\/www.posticum.ro\/en\/5-6-of-november-2022-therapeutic-breathing-days\/","title":{"rendered":"5-6 of November 2022. : \u201cTherapeutic breathing\u201d days"},"content":{"rendered":"<div data-elementor-type=\"wp-post\" data-elementor-id=\"3826\" class=\"elementor elementor-3826\">\n\t\t\t\t\t\t<section class=\"has_eae_slider elementor-section elementor-top-section elementor-element elementor-element-f226441 elementor-section-boxed elementor-section-height-default elementor-section-height-default\" data-id=\"f226441\" data-element_type=\"section\">\n\t\t\t\t\t\t<div class=\"elementor-container elementor-column-gap-default\">\n\t\t\t\t\t<div class=\"has_eae_slider elementor-column elementor-col-50 elementor-top-column elementor-element elementor-element-1ae316d\" data-id=\"1ae316d\" data-element_type=\"column\">\n\t\t\t<div class=\"elementor-widget-wrap elementor-element-populated\">\n\t\t\t\t\t\t<div class=\"elementor-element elementor-element-010b25f elementor-widget elementor-widget-image\" data-id=\"010b25f\" data-element_type=\"widget\" data-widget_type=\"image.default\">\n\t\t\t\t<div class=\"elementor-widget-container\">\n\t\t\t\t\t\t\t\t\t\t\t\t\t\t\t<img fetchpriority=\"high\" decoding=\"async\" width=\"750\" height=\"700\" src=\"https:\/\/www.posticum.ro\/wp-content\/uploads\/2022\/09\/3-progi-1024x956.jpg\" class=\"attachment-large size-large wp-image-3597\" alt=\"\" srcset=\"https:\/\/www.posticum.ro\/wp-content\/uploads\/2022\/09\/3-progi-1024x956.jpg 1024w, https:\/\/www.posticum.ro\/wp-content\/uploads\/2022\/09\/3-progi-300x280.jpg 300w, https:\/\/www.posticum.ro\/wp-content\/uploads\/2022\/09\/3-progi-768x717.jpg 768w, https:\/\/www.posticum.ro\/wp-content\/uploads\/2022\/09\/3-progi-1536x1433.jpg 1536w, https:\/\/www.posticum.ro\/wp-content\/uploads\/2022\/09\/3-progi.jpg 2048w\" sizes=\"(max-width: 750px) 100vw, 750px\" \/>\t\t\t\t\t\t\t\t\t\t\t\t\t\t\t<\/div>\n\t\t\t\t<\/div>\n\t\t\t\t\t<\/div>\n\t\t<\/div>\n\t\t\t\t<div class=\"has_eae_slider elementor-column elementor-col-50 elementor-top-column elementor-element elementor-element-30c1461\" data-id=\"30c1461\" data-element_type=\"column\">\n\t\t\t<div class=\"elementor-widget-wrap elementor-element-populated\">\n\t\t\t\t\t\t<div class=\"elementor-element elementor-element-7ebe0a4 elementor-widget elementor-widget-text-editor\" data-id=\"7ebe0a4\" data-element_type=\"widget\" data-widget_type=\"text-editor.default\">\n\t\t\t\t<div class=\"elementor-widget-container\">\n\t\t\t\t\t\t\t\t\t<p><span style=\"font-weight: 400;\">We learn breathing exercises that free both our body and mind.<\/span><\/p><p><span style=\"font-weight: 400;\">\u00a0<\/span><\/p><p><span style=\"font-weight: 400;\">The exercises are based on the therapeutic breathing techniques of Berlin-based doctor and therapist Uwe Albrecht.<\/span><\/p><p><span style=\"font-weight: 400;\">\u00a0&#8222;Our whole being breathes. Not only our lungs, but also our heart, skull, organs, energy field, and soul&#8230;. The therapeutic breathing is a possible way to harmonize ourselves. It&#8217;s simple, fast and effective.&#8221; (Uwe Albrecht: Heilatem, Schirner Verlag, 2012)<\/span><\/p><p><span style=\"font-weight: 400;\">\u00a0<\/span><\/p><p><span style=\"font-weight: 400;\">Apply at innerwise instructor Andrea Moln\u00e1r by: email, phone<\/span><\/p><p><b>RO:<\/b><span style=\"font-weight: 400;\"> Zilele respira\u021biei terapeutice e o invitatie <\/span><span style=\"font-weight: 400;\">sa va conectati mai profund cu propriul corp. Exercitiile sunt de mobilizare, de focus si echilibru, de respiratie pentru o deschidere mai intensa si un calm mai profund.<\/span> <a href=\"https:\/\/fb.me\/e\/2dGn30VYh\"><b>Detalii&#8230;<\/b><\/a><\/p><p><b>HU:<\/b><span style=\"font-weight: 400;\"> Gy\u00f3gyl\u00e9legz\u00e9st saj\u00e1t\u00edtunk el, amelyek felszabad\u00edtj\u00e1k test\u00fcnket \u00e9s elm\u00e9nket egyar\u00e1nt. Ez egy egyszer\u0171 \u00fat, gyors \u00e9s hat\u00e9kony, seg\u00edt \u00f6nmagunkat harmoniz\u00e1lni. <\/span><a href=\"https:\/\/fb.me\/e\/2dGn30VYh\"><b>R\u00e9szletek<\/b><\/a>&#8230;<\/p>\t\t\t\t\t\t\t\t<\/div>\n\t\t\t\t<\/div>\n\t\t\t\t\t<\/div>\n\t\t<\/div>\n\t\t\t\t\t<\/div>\n\t\t<\/section>\n\t\t\t\t<\/div>","protected":false},"excerpt":{"rendered":"<p>We learn breathing exercises that free both our body and mind. \u00a0 The exercises are based on the therapeutic breathing techniques of Berlin-based doctor and therapist Uwe Albrecht. \u00a0&#8222;Our whole being breathes. Not only our lungs, but also our heart, skull, organs, energy field, and soul&#8230;. The therapeutic breathing is [&hellip;]<\/p>","protected":false},"author":1,"featured_media":0,"comment_status":"open","ping_status":"open","sticky":false,"template":"","format":"standard","meta":{"_exactmetrics_skip_tracking":false,"_exactmetrics_sitenote_active":false,"_exactmetrics_sitenote_note":"","_exactmetrics_sitenote_category":0,"footnotes":""},"categories":[4,28],"tags":[],"class_list":["post-3826","post","type-post","status-publish","format-standard","hentry","category-meditacio","category-terapia"],"_links":{"self":[{"href":"https:\/\/www.posticum.ro\/en\/wp-json\/wp\/v2\/posts\/3826","targetHints":{"allow":["GET"]}}],"collection":[{"href":"https:\/\/www.posticum.ro\/en\/wp-json\/wp\/v2\/posts"}],"about":[{"href":"https:\/\/www.posticum.ro\/en\/wp-json\/wp\/v2\/types\/post"}],"author":[{"embeddable":true,"href":"https:\/\/www.posticum.ro\/en\/wp-json\/wp\/v2\/users\/1"}],"replies":[{"embeddable":true,"href":"https:\/\/www.posticum.ro\/en\/wp-json\/wp\/v2\/comments?post=3826"}],"version-history":[{"count":1,"href":"https:\/\/www.posticum.ro\/en\/wp-json\/wp\/v2\/posts\/3826\/revisions"}],"predecessor-version":[{"id":3827,"href":"https:\/\/www.posticum.ro\/en\/wp-json\/wp\/v2\/posts\/3826\/revisions\/3827"}],"wp:attachment":[{"href":"https:\/\/www.posticum.ro\/en\/wp-json\/wp\/v2\/media?parent=3826"}],"wp:term":[{"taxonomy":"category","embeddable":true,"href":"https:\/\/www.posticum.ro\/en\/wp-json\/wp\/v2\/categories?post=3826"},{"taxonomy":"post_tag","embeddable":true,"href":"https:\/\/www.posticum.ro\/en\/wp-json\/wp\/v2\/tags?post=3826"}],"curies":[{"name":"wp","href":"https:\/\/api.w.org\/{rel}","templated":true}]}}