{"id":3669,"date":"2022-10-14T23:18:56","date_gmt":"2022-10-14T21:18:56","guid":{"rendered":"https:\/\/www.posticum.ro\/?p=3669"},"modified":"2022-09-19T09:55:34","modified_gmt":"2022-09-19T07:55:34","slug":"2022-oktober-14-16-onismereti-muhely-elengedes","status":"publish","type":"post","link":"https:\/\/www.posticum.ro\/en\/2022-oktober-14-16-onismereti-muhely-elengedes\/","title":{"rendered":"2022. Okt\u00f3ber 14 \u2013 16: \u00d6nismereti m\u0171hely &#8211; Elenged\u00e9s I."},"content":{"rendered":"<div data-elementor-type=\"wp-post\" data-elementor-id=\"3669\" class=\"elementor elementor-3669\">\n\t\t\t\t\t\t<section class=\"has_eae_slider elementor-section elementor-top-section elementor-element elementor-element-a6be264 elementor-section-boxed elementor-section-height-default elementor-section-height-default\" data-id=\"a6be264\" data-element_type=\"section\">\n\t\t\t\t\t\t<div class=\"elementor-container elementor-column-gap-default\">\n\t\t\t\t\t<div class=\"has_eae_slider elementor-column elementor-col-50 elementor-top-column elementor-element elementor-element-d66f5f3\" data-id=\"d66f5f3\" data-element_type=\"column\">\n\t\t\t<div class=\"elementor-widget-wrap elementor-element-populated\">\n\t\t\t\t\t\t<div class=\"elementor-element elementor-element-9973807 elementor-widget elementor-widget-image\" data-id=\"9973807\" data-element_type=\"widget\" data-widget_type=\"image.default\">\n\t\t\t\t<div class=\"elementor-widget-container\">\n\t\t\t\t\t\t\t\t\t\t\t\t\t\t\t<img fetchpriority=\"high\" decoding=\"async\" width=\"750\" height=\"574\" src=\"https:\/\/www.posticum.ro\/wp-content\/uploads\/2022\/09\/Mezes-Zsolt-Laszlo1-800x612-1.jpg\" class=\"attachment-large size-large wp-image-3670\" alt=\"\" srcset=\"https:\/\/www.posticum.ro\/wp-content\/uploads\/2022\/09\/Mezes-Zsolt-Laszlo1-800x612-1.jpg 800w, https:\/\/www.posticum.ro\/wp-content\/uploads\/2022\/09\/Mezes-Zsolt-Laszlo1-800x612-1-300x230.jpg 300w, https:\/\/www.posticum.ro\/wp-content\/uploads\/2022\/09\/Mezes-Zsolt-Laszlo1-800x612-1-768x588.jpg 768w\" sizes=\"(max-width: 750px) 100vw, 750px\" \/>\t\t\t\t\t\t\t\t\t\t\t\t\t\t\t<\/div>\n\t\t\t\t<\/div>\n\t\t\t\t\t<\/div>\n\t\t<\/div>\n\t\t\t\t<div class=\"has_eae_slider elementor-column elementor-col-50 elementor-top-column elementor-element elementor-element-0a926a3\" data-id=\"0a926a3\" data-element_type=\"column\">\n\t\t\t<div class=\"elementor-widget-wrap elementor-element-populated\">\n\t\t\t\t\t\t<div class=\"elementor-element elementor-element-3bd25e0 elementor-widget elementor-widget-text-editor\" data-id=\"3bd25e0\" data-element_type=\"widget\" data-widget_type=\"text-editor.default\">\n\t\t\t\t<div class=\"elementor-widget-container\">\n\t\t\t\t\t\t\t\t\t<p><b>\u00d6nismereti m\u0171hely &#8211; Elenged\u00e9s I.<\/b><\/p><p><span style=\"font-weight: 400;\">Okt\u00f3ber 14. p\u00e9ntek 18.00-21.00<\/span><\/p><p><span style=\"font-weight: 400;\">Okt\u00f3ber 15. szombat 9.00-19.00<\/span><\/p><p><span style=\"font-weight: 400;\">Okt\u00f3ber 16. vas\u00e1rnap: 9.00-12.00<\/span><\/p><p><b>\u00d6nismereti m\u0171hely &#8211; Elenged\u00e9s II. <\/b>(Okt. 28 &#8211; 30.)<\/p><p><span style=\"font-weight: 400;\">A k\u00e9t h\u00e9tv\u00e9g\u00e9s \u00f6nismereti m\u0171hely sor\u00e1n \u00e9rz\u00e9seink \u00e9s gondolataink term\u00e9szet\u00e9vel \u00e9s kezel\u00e9s\u00e9vel foglalkozunk.\u00a0<\/span><\/p><p><b>R\u00e9szletek:<\/b> <a href=\"https:\/\/www.facebook.com\/events\/1094161111194818\/1094161131194816\/?ref=newsfeed\">Facebook esem\u00e9ny<\/a><\/p>\t\t\t\t\t\t\t\t<\/div>\n\t\t\t\t<\/div>\n\t\t\t\t\t<\/div>\n\t\t<\/div>\n\t\t\t\t\t<\/div>\n\t\t<\/section>\n\t\t\t\t<\/div>","protected":false},"excerpt":{"rendered":"<p>\u00d6nismereti m\u0171hely &#8211; Elenged\u00e9s I. Okt\u00f3ber 14. p\u00e9ntek 18.00-21.00 Okt\u00f3ber 15. szombat 9.00-19.00 Okt\u00f3ber 16. vas\u00e1rnap: 9.00-12.00 \u00d6nismereti m\u0171hely &#8211; Elenged\u00e9s II. (Okt. 28 &#8211; 30.) A k\u00e9t h\u00e9tv\u00e9g\u00e9s \u00f6nismereti m\u0171hely sor\u00e1n \u00e9rz\u00e9seink \u00e9s gondolataink term\u00e9szet\u00e9vel \u00e9s kezel\u00e9s\u00e9vel foglalkozunk.\u00a0 R\u00e9szletek: Facebook esem\u00e9ny<\/p>","protected":false},"author":1,"featured_media":0,"comment_status":"open","ping_status":"open","sticky":false,"template":"","format":"standard","meta":{"_exactmetrics_skip_tracking":false,"_exactmetrics_sitenote_active":false,"_exactmetrics_sitenote_note":"","_exactmetrics_sitenote_category":0,"footnotes":""},"categories":[28],"tags":[],"class_list":["post-3669","post","type-post","status-publish","format-standard","hentry","category-terapia"],"_links":{"self":[{"href":"https:\/\/www.posticum.ro\/en\/wp-json\/wp\/v2\/posts\/3669","targetHints":{"allow":["GET"]}}],"collection":[{"href":"https:\/\/www.posticum.ro\/en\/wp-json\/wp\/v2\/posts"}],"about":[{"href":"https:\/\/www.posticum.ro\/en\/wp-json\/wp\/v2\/types\/post"}],"author":[{"embeddable":true,"href":"https:\/\/www.posticum.ro\/en\/wp-json\/wp\/v2\/users\/1"}],"replies":[{"embeddable":true,"href":"https:\/\/www.posticum.ro\/en\/wp-json\/wp\/v2\/comments?post=3669"}],"version-history":[{"count":11,"href":"https:\/\/www.posticum.ro\/en\/wp-json\/wp\/v2\/posts\/3669\/revisions"}],"predecessor-version":[{"id":3681,"href":"https:\/\/www.posticum.ro\/en\/wp-json\/wp\/v2\/posts\/3669\/revisions\/3681"}],"wp:attachment":[{"href":"https:\/\/www.posticum.ro\/en\/wp-json\/wp\/v2\/media?parent=3669"}],"wp:term":[{"taxonomy":"category","embeddable":true,"href":"https:\/\/www.posticum.ro\/en\/wp-json\/wp\/v2\/categories?post=3669"},{"taxonomy":"post_tag","embeddable":true,"href":"https:\/\/www.posticum.ro\/en\/wp-json\/wp\/v2\/tags?post=3669"}],"curies":[{"name":"wp","href":"https:\/\/api.w.org\/{rel}","templated":true}]}}