{"id":7092,"date":"2025-07-21T23:49:25","date_gmt":"2025-07-21T21:49:25","guid":{"rendered":"https:\/\/www.posticum.ro\/?p=7092"},"modified":"2025-06-10T19:22:50","modified_gmt":"2025-06-10T17:22:50","slug":"july-18-20-posticum-jazzblues-weekend-2025","status":"publish","type":"post","link":"https:\/\/www.posticum.ro\/de\/july-18-20-posticum-jazzblues-weekend-2025\/","title":{"rendered":"18. BIS 20. JULI \/\/ POSTICUM JAZZ&amp;BLUES-WOCHENENDE 2025"},"content":{"rendered":"<div data-elementor-type=\"wp-post\" data-elementor-id=\"7092\" class=\"elementor elementor-7092\">\n\t\t\t\t\t\t<section class=\"has_eae_slider elementor-section elementor-top-section elementor-element elementor-element-e4882f6 elementor-section-boxed elementor-section-height-default elementor-section-height-default\" data-id=\"e4882f6\" data-element_type=\"section\">\n\t\t\t\t\t\t<div class=\"elementor-container elementor-column-gap-default\">\n\t\t\t\t\t<div class=\"has_eae_slider elementor-column elementor-col-100 elementor-top-column elementor-element elementor-element-8f9e5b9\" data-id=\"8f9e5b9\" data-element_type=\"column\">\n\t\t\t<div class=\"elementor-widget-wrap elementor-element-populated\">\n\t\t\t\t\t\t<div class=\"elementor-element elementor-element-72dbde8 elementor-widget elementor-widget-image\" data-id=\"72dbde8\" data-element_type=\"widget\" data-widget_type=\"image.default\">\n\t\t\t\t<div class=\"elementor-widget-container\">\n\t\t\t\t\t\t\t\t\t\t\t\t\t\t\t<img fetchpriority=\"high\" decoding=\"async\" width=\"750\" height=\"394\" src=\"https:\/\/www.posticum.ro\/wp-content\/uploads\/2025\/07\/Element-2-1024x538.png\" class=\"attachment-large size-large wp-image-7289\" alt=\"\" srcset=\"https:\/\/www.posticum.ro\/wp-content\/uploads\/2025\/07\/Element-2-1024x538.png 1024w, https:\/\/www.posticum.ro\/wp-content\/uploads\/2025\/07\/Element-2-300x158.png 300w, https:\/\/www.posticum.ro\/wp-content\/uploads\/2025\/07\/Element-2-768x404.png 768w, https:\/\/www.posticum.ro\/wp-content\/uploads\/2025\/07\/Element-2-18x9.png 18w, https:\/\/www.posticum.ro\/wp-content\/uploads\/2025\/07\/Element-2.png 1201w\" sizes=\"(max-width: 750px) 100vw, 750px\" \/>\t\t\t\t\t\t\t\t\t\t\t\t\t\t\t<\/div>\n\t\t\t\t<\/div>\n\t\t\t\t<div class=\"elementor-element elementor-element-6bb2334 elementor-widget elementor-widget-video\" data-id=\"6bb2334\" data-element_type=\"widget\" data-settings=\"{&quot;youtube_url&quot;:&quot;https:\\\/\\\/youtu.be\\\/3_WcdR5BM7s?si=GbVSYGth2S5YGlrI&quot;,&quot;autoplay&quot;:&quot;yes&quot;,&quot;play_on_mobile&quot;:&quot;yes&quot;,&quot;video_type&quot;:&quot;youtube&quot;}\" data-widget_type=\"video.default\">\n\t\t\t\t<div class=\"elementor-widget-container\">\n\t\t\t\t\t\t\t<div class=\"elementor-wrapper elementor-open-inline\">\n\t\t\t<div class=\"elementor-video\"><\/div>\t\t<\/div>\n\t\t\t\t\t\t<\/div>\n\t\t\t\t<\/div>\n\t\t\t\t<div class=\"elementor-element elementor-element-e696d35 elementor-widget elementor-widget-text-editor\" data-id=\"e696d35\" data-element_type=\"widget\" data-widget_type=\"text-editor.default\">\n\t\t\t\t<div class=\"elementor-widget-container\">\n\t\t\t\t\t\t\t\t\t<p>\ud83c\udfb7\ud83c\udfb8 <strong>POSTICUM JAZZ&amp;BLUES-WOCHENENDE 2025<\/strong><br \/>Drei N\u00e4chte voller Live-Musik, Soul und Sommeratmosph\u00e4re - im Herzen von Oradea<\/p><p>Diesen Juli l\u00e4dt Posticum zu einem Wochenende voller Rhythmus, Emotionen und erstklassiger Live-Musik ein. An drei Abenden werden Jazz und Blues die Luft erf\u00fcllen - drinnen im Jazzland und unter freiem Himmel auf der wundersch\u00f6nen Posticum-Terrasse.<\/p><p>\ud83d\udfe3 Nacht eins - <em>Freitag | 18. Juli 2025<\/em><br \/>Er\u00f6ffnet wird das Wochenende in der intimen Atmosph\u00e4re des Jazzland um 19:00 Uhr mit einem besonderen Auftritt von <strong>Istv\u00e1n Gy\u00e1rf\u00e1s &amp; Luiza Zan<\/strong>, begleitet von der <strong>B\u00e1der-Oliver-JAZZLAND Trio<\/strong>.<br \/>Der Abend wird dann unter dem Sternenhimmel auf der Posticum-Terrasse fortgesetzt, wo Musik und Sommerluft zusammenkommen.<\/p><p>\ud83d\udd35 Nacht zwei - <em>Samstag | 19. Juli 2025<\/em><br \/>Um 19:00 Uhr, <strong>Nenad Zlatanovi\u0107<\/strong> mit ausdrucksstarken Rhythmen und einem unverwechselbaren Blues-Sound auf die B\u00fchne des Jazzland.<br \/>Nach einer kurzen Pause wird der Abend drau\u00dfen mit einer kraftvollen Live-Performance von <strong>Kleiner R\u00fcsselk\u00e4fer<\/strong> auf der Posticum-Terrasse.<\/p><p>\ud83d\udfe2 Nacht 3 - <em>Sonntag | 20. Juli 2025<\/em><br \/>Den Abschluss des Wochenendes bildet ein Open-Air-Konzert um 20:00 Uhr mit der legend\u00e4ren <strong>BEGA BLUES BAND<\/strong> - ein w\u00fcrdiges Finale mit Soul, Groove und dem Geist des wahren Blues.<\/p><p>\ud83d\udc9b Eintritt: Spende* - und jeder ist willkommen.<\/p><p>Kommen Sie und seien Sie Teil eines unvergesslichen musikalischen Wochenendes!<\/p><p>#PosticumJazzAndBlues #OradeaEvents #LiveMusic2025 #JazzlandNights #PosticumTerrace<\/p><p>&#8212; &#8212; &#8212;<\/p><p>*Sitzplatzreservierung: <strong><a href=\"https:\/\/posticumbooks.org\/termekkategoria\/koncertek\/posticum-jazz-blues-weekend-2025\/\" target=\"_blank\" rel=\"noopener\">PLATZRESERVIERUNG POSTICUM JAZZ&amp;BLUES WOCHENENDE<\/a><\/strong><\/p><p>&#8212; &#8212; &#8212;<br \/>*RO<br \/>Die Teilnahme an der Veranstaltung ist mit einer Spende verbunden, 70 RON\/Persoan\u0103 f\u00fcr Erwachsene und 30 RON\/Persoan\u0103 f\u00fcr Sch\u00fcler.<br \/>Rezervarea locului se poate asigura prin ad\u0103ugarea evenimentului \u0219i a num\u0103rului dorit de participan\u021bi \u00een co\u0219.<br \/>Ve\u021bi primi o confirmare a transferului, pe care v\u0103 rug\u0103m s-o prezenta\u021bi la intrare. V\u0103 mul\u021bumim!<\/p><p>&#8212; &#8212; &#8212;<br \/>*HU<br \/>Die Teilnahme erfolgt auf Reservierung und gegen Spende, Erwachsene 70 RON\/Person, Studenten 30 RON\/Person.<br \/>Reservierungen werden vorgenommen, indem Sie die Veranstaltung in den Warenkorb legen. Bitte bringen Sie Ihre Best\u00e4tigung zum Konzert mit. Wir danken Ihnen!<\/p><p>Bis bald!!<\/p>\t\t\t\t\t\t\t\t<\/div>\n\t\t\t\t<\/div>\n\t\t\t\t\t<\/div>\n\t\t<\/div>\n\t\t\t\t\t<\/div>\n\t\t<\/section>\n\t\t\t\t<\/div>","protected":false},"excerpt":{"rendered":"<p>https:\/\/youtu.be\/3_WcdR5BM7s?si=GbVSYGth2S5YGlrI \ud83c\udfb7\ud83c\udfb8 POSTICUM JAZZ&amp;BLUES WEEKEND 2025Three nights of live music, soul, and summer atmosphere \u2013 in the heart of Oradea This July, Posticum invites you to a weekend full of rhythm, emotion, and world-class live music. Over three evenings, jazz and blues will fill the air \u2013 indoors at Jazzland [&hellip;]<\/p>","protected":false},"author":2,"featured_media":0,"comment_status":"open","ping_status":"open","sticky":false,"template":"","format":"standard","meta":{"_exactmetrics_skip_tracking":false,"_exactmetrics_sitenote_active":false,"_exactmetrics_sitenote_note":"","_exactmetrics_sitenote_category":0,"footnotes":""},"categories":[1,27,31],"tags":[209],"class_list":["post-7092","post","type-post","status-publish","format-standard","hentry","category-egyeb","category-koncert","category-kulturalis-program","tag-gyarfas-istvan-luiza-zan-bader-oliver-marton-soos-cseh-balazs-nenad-zlatanovic-little-g-weevil-bega-blues-band-blues-jazz-jazzland-jazzterrace"],"_links":{"self":[{"href":"https:\/\/www.posticum.ro\/de\/wp-json\/wp\/v2\/posts\/7092","targetHints":{"allow":["GET"]}}],"collection":[{"href":"https:\/\/www.posticum.ro\/de\/wp-json\/wp\/v2\/posts"}],"about":[{"href":"https:\/\/www.posticum.ro\/de\/wp-json\/wp\/v2\/types\/post"}],"author":[{"embeddable":true,"href":"https:\/\/www.posticum.ro\/de\/wp-json\/wp\/v2\/users\/2"}],"replies":[{"embeddable":true,"href":"https:\/\/www.posticum.ro\/de\/wp-json\/wp\/v2\/comments?post=7092"}],"version-history":[{"count":10,"href":"https:\/\/www.posticum.ro\/de\/wp-json\/wp\/v2\/posts\/7092\/revisions"}],"predecessor-version":[{"id":7292,"href":"https:\/\/www.posticum.ro\/de\/wp-json\/wp\/v2\/posts\/7092\/revisions\/7292"}],"wp:attachment":[{"href":"https:\/\/www.posticum.ro\/de\/wp-json\/wp\/v2\/media?parent=7092"}],"wp:term":[{"taxonomy":"category","embeddable":true,"href":"https:\/\/www.posticum.ro\/de\/wp-json\/wp\/v2\/categories?post=7092"},{"taxonomy":"post_tag","embeddable":true,"href":"https:\/\/www.posticum.ro\/de\/wp-json\/wp\/v2\/tags?post=7092"}],"curies":[{"name":"wp","href":"https:\/\/api.w.org\/{rel}","templated":true}]}}