{"id":5092,"date":"2024-07-19T23:57:32","date_gmt":"2024-07-19T21:57:32","guid":{"rendered":"https:\/\/www.posticum.ro\/?p=5092"},"modified":"2024-06-26T13:00:12","modified_gmt":"2024-06-26T11:00:12","slug":"july-19-jazzterrace-2024-cristian-copaciu-band","status":"publish","type":"post","link":"https:\/\/www.posticum.ro\/de\/july-19-jazzterrace-2024-cristian-copaciu-band\/","title":{"rendered":"19. JULI \/\/ JAZZTERRACE 2024: CRISTIAN COPACIU QUARTET"},"content":{"rendered":"<div data-elementor-type=\"wp-post\" data-elementor-id=\"5092\" class=\"elementor elementor-5092\">\n\t\t\t\t\t\t<section class=\"has_eae_slider elementor-section elementor-top-section elementor-element elementor-element-e4882f6 elementor-section-boxed elementor-section-height-default elementor-section-height-default\" data-id=\"e4882f6\" data-element_type=\"section\">\n\t\t\t\t\t\t<div class=\"elementor-container elementor-column-gap-default\">\n\t\t\t\t\t<div class=\"has_eae_slider elementor-column elementor-col-100 elementor-top-column elementor-element elementor-element-8f9e5b9\" data-id=\"8f9e5b9\" data-element_type=\"column\">\n\t\t\t<div class=\"elementor-widget-wrap elementor-element-populated\">\n\t\t\t\t\t\t<div class=\"elementor-element elementor-element-d6a7069 elementor-widget elementor-widget-image\" data-id=\"d6a7069\" data-element_type=\"widget\" data-widget_type=\"image.default\">\n\t\t\t\t<div class=\"elementor-widget-container\">\n\t\t\t\t\t\t\t\t\t\t\t\t\t\t\t<img fetchpriority=\"high\" decoding=\"async\" width=\"750\" height=\"393\" src=\"https:\/\/www.posticum.ro\/wp-content\/uploads\/2024\/07\/events_cristian-copaciu-1-1024x536.png\" class=\"attachment-large size-large wp-image-5117\" alt=\"\" srcset=\"https:\/\/www.posticum.ro\/wp-content\/uploads\/2024\/07\/events_cristian-copaciu-1-1024x536.png 1024w, https:\/\/www.posticum.ro\/wp-content\/uploads\/2024\/07\/events_cristian-copaciu-1-300x157.png 300w, https:\/\/www.posticum.ro\/wp-content\/uploads\/2024\/07\/events_cristian-copaciu-1-768x402.png 768w, https:\/\/www.posticum.ro\/wp-content\/uploads\/2024\/07\/events_cristian-copaciu-1-1536x804.png 1536w, https:\/\/www.posticum.ro\/wp-content\/uploads\/2024\/07\/events_cristian-copaciu-1.png 1921w\" sizes=\"(max-width: 750px) 100vw, 750px\" \/>\t\t\t\t\t\t\t\t\t\t\t\t\t\t\t<\/div>\n\t\t\t\t<\/div>\n\t\t\t\t<div class=\"elementor-element elementor-element-e696d35 elementor-widget elementor-widget-text-editor\" data-id=\"e696d35\" data-element_type=\"widget\" data-widget_type=\"text-editor.default\">\n\t\t\t\t<div class=\"elementor-widget-container\">\n\t\t\t\t\t\t\t\t\t<p>2024 Juli 19.<\/p><p><strong>CRISTIAN COPACIU QUARTETT<\/strong><br \/><strong><\/strong><\/p><p>Cristi Copaciu - Gitarre<br \/>Laszlo Sandor - Bass<br \/>David Luca - Klavier<br \/>Marc Pocola - Schlagzeug<\/p><p>Eintritt: Spende \/\/ Beginn: 19:00<\/p><p>Junger, talentierter und engagierter Gitarrist, der eine breite Palette von Stilen spielt, von Pop bis Jazz und von Blues bis Fusion. Begann im Alter von 13 Jahren mit dem Gitarrenspiel, entwickelte sich schnell und wurde bald gebeten, in verschiedenen Bands und Projekten mitzuwirken. Begann mit 20 Jahren, Gitarre zu unterrichten. Kreativer Geist, abenteuerlustige Seele.<\/p><p>Im Laufe der Jahre hat Cristian Copaciu an verschiedenen Jazz- und Bluesfestivals teilgenommen, darunter das Bra\u0219ov Jazz Festival 2020, das Brezoi Blues Festival, das Br\u0103ila Blues &amp; Jazz Festival, das Tu\u0219nad Gastro Blues Festival 2020 usw. Neben diesem Jazzbereich Fusion und Blues hatte Cristi die M\u00f6glichkeit, im Bereich der Pflege mitzuarbeiten.<\/p><p>David Luca, ein talentierter Pianist, Gewinner des renommierten Berklee Aspire-Stipendiums am Berklee College of Music in den USA, ist Absolvent von Jazz-Studienprogrammen am Konservatorium von Amsterdam (CvA), darunter Keep an Eye Summer Jazz, Internationaler Jazz-Workshop 2023 an der Universit\u00e4t Erlangen, Tschechischer Jazz-Workshop in Prag, Internationale Jazzwerstatt Saarwellingen und das Programm Komposition - Jazz-Klavierimprovisation an der Nationalen Musikakademie \"Gheorghe Dima\" in Cluj Napoca. Derzeit ist er Student am Conservatorium Maastricht, Abteilung Jazz.<\/p><p>Marc Pocola ist ein Multiinstrumentalist, Komponist, Produzent und P\u00e4dagoge aus Cluj-Napoca. Als Schlagzeuger ist er vor allem f\u00fcr sein sensibles und melodisches Spiel bekannt, aber auch f\u00fcr das reaktionsschnelle Zusammenspiel zwischen ihm und seinen Mitmusikern.<\/p><p>H\u00f6ren Sie sich das an: <br \/><a href=\"https:\/\/www.youtube.com\/@CristiCopaciu\" target=\"_blank\" rel=\"noopener\"><strong>Cristian Copaciu\u00a0 <\/strong>auf YouTube<\/a><\/p><p><span class=\"x193iq5w xeuugli x13faqbe x1vvkbs x1xmvt09 x1lliihq x1s928wv xhkezso x1gmr53x x1cpjm7i x1fgarty x1943h6x xudqn12 x3x7a5m x6prxxf xvq8zen xo1l8bm xzsf02u\" dir=\"auto\"><br \/>Die Jazz-Konzerte auf der Posticum-Terrasse sind bei freiem Eintritt - stattdessen bitten wir unsere G\u00e4ste um eine Spende von 25 RON zur Unterst\u00fctzung der sozialen, kulturellen und p\u00e4dagogischen Projekte des Vereins Posticum Rum\u00e4nien.<br \/><\/span><\/p><p>Bis bald!!<\/p>\t\t\t\t\t\t\t\t<\/div>\n\t\t\t\t<\/div>\n\t\t\t\t\t<\/div>\n\t\t<\/div>\n\t\t\t\t\t<\/div>\n\t\t<\/section>\n\t\t\t\t<\/div>","protected":false},"excerpt":{"rendered":"<p>2024 July 19. CRISTIAN COPACIU QUARTET Cristi Copaciu &#8211; GuitarLaszlo Sandor &#8211; BassDavid Luca &#8211; PianoMarc Pocola &#8211; Drums admission: donation \/\/ start: 19:00 Young, talented and driven guitarist who plays a wide range of styles, from pop to jazz and from blues to fusion. Started playing guitar at the [&hellip;]<\/p>","protected":false},"author":2,"featured_media":0,"comment_status":"open","ping_status":"open","sticky":false,"template":"","format":"standard","meta":{"_exactmetrics_skip_tracking":false,"_exactmetrics_sitenote_active":false,"_exactmetrics_sitenote_note":"","_exactmetrics_sitenote_category":0,"footnotes":""},"categories":[1,27,31],"tags":[46,176,22,152,175,174],"class_list":["post-5092","post","type-post","status-publish","format-standard","hentry","category-egyeb","category-koncert","category-kulturalis-program","tag-cristian-copaciu","tag-david-luca","tag-jazz","tag-jazzterrace-2024","tag-laszlo-sandor","tag-marc-pocola"],"_links":{"self":[{"href":"https:\/\/www.posticum.ro\/de\/wp-json\/wp\/v2\/posts\/5092","targetHints":{"allow":["GET"]}}],"collection":[{"href":"https:\/\/www.posticum.ro\/de\/wp-json\/wp\/v2\/posts"}],"about":[{"href":"https:\/\/www.posticum.ro\/de\/wp-json\/wp\/v2\/types\/post"}],"author":[{"embeddable":true,"href":"https:\/\/www.posticum.ro\/de\/wp-json\/wp\/v2\/users\/2"}],"replies":[{"embeddable":true,"href":"https:\/\/www.posticum.ro\/de\/wp-json\/wp\/v2\/comments?post=5092"}],"version-history":[{"count":29,"href":"https:\/\/www.posticum.ro\/de\/wp-json\/wp\/v2\/posts\/5092\/revisions"}],"predecessor-version":[{"id":5139,"href":"https:\/\/www.posticum.ro\/de\/wp-json\/wp\/v2\/posts\/5092\/revisions\/5139"}],"wp:attachment":[{"href":"https:\/\/www.posticum.ro\/de\/wp-json\/wp\/v2\/media?parent=5092"}],"wp:term":[{"taxonomy":"category","embeddable":true,"href":"https:\/\/www.posticum.ro\/de\/wp-json\/wp\/v2\/categories?post=5092"},{"taxonomy":"post_tag","embeddable":true,"href":"https:\/\/www.posticum.ro\/de\/wp-json\/wp\/v2\/tags?post=5092"}],"curies":[{"name":"wp","href":"https:\/\/api.w.org\/{rel}","templated":true}]}}