{"id":5064,"date":"2024-07-26T23:33:39","date_gmt":"2024-07-26T21:33:39","guid":{"rendered":"https:\/\/www.posticum.ro\/?p=5064"},"modified":"2024-06-26T13:02:27","modified_gmt":"2024-06-26T11:02:27","slug":"july-26-jazzterrace-2024-acoustic-station-trio","status":"publish","type":"post","link":"https:\/\/www.posticum.ro\/de\/july-26-jazzterrace-2024-acoustic-station-trio\/","title":{"rendered":"26. JULI \/\/ JAZZTERRACE 2024: AKUSTISCHES STATION TRIO"},"content":{"rendered":"<div data-elementor-type=\"wp-post\" data-elementor-id=\"5064\" class=\"elementor elementor-5064\">\n\t\t\t\t\t\t<section class=\"has_eae_slider elementor-section elementor-top-section elementor-element elementor-element-e4882f6 elementor-section-boxed elementor-section-height-default elementor-section-height-default\" data-id=\"e4882f6\" data-element_type=\"section\">\n\t\t\t\t\t\t<div class=\"elementor-container elementor-column-gap-default\">\n\t\t\t\t\t<div class=\"has_eae_slider elementor-column elementor-col-100 elementor-top-column elementor-element elementor-element-8f9e5b9\" data-id=\"8f9e5b9\" data-element_type=\"column\">\n\t\t\t<div class=\"elementor-widget-wrap elementor-element-populated\">\n\t\t\t\t\t\t<div class=\"elementor-element elementor-element-72dbde8 elementor-widget elementor-widget-image\" data-id=\"72dbde8\" data-element_type=\"widget\" data-widget_type=\"image.default\">\n\t\t\t\t<div class=\"elementor-widget-container\">\n\t\t\t\t\t\t\t\t\t\t\t\t\t\t\t<img fetchpriority=\"high\" decoding=\"async\" width=\"750\" height=\"393\" src=\"https:\/\/www.posticum.ro\/wp-content\/uploads\/2024\/07\/events_szuccs-jozsef-1024x536.png\" class=\"attachment-large size-large wp-image-5069\" alt=\"\" srcset=\"https:\/\/www.posticum.ro\/wp-content\/uploads\/2024\/07\/events_szuccs-jozsef-1024x536.png 1024w, https:\/\/www.posticum.ro\/wp-content\/uploads\/2024\/07\/events_szuccs-jozsef-300x157.png 300w, https:\/\/www.posticum.ro\/wp-content\/uploads\/2024\/07\/events_szuccs-jozsef-768x402.png 768w, https:\/\/www.posticum.ro\/wp-content\/uploads\/2024\/07\/events_szuccs-jozsef-1536x804.png 1536w, https:\/\/www.posticum.ro\/wp-content\/uploads\/2024\/07\/events_szuccs-jozsef-2048x1072.png 2048w\" sizes=\"(max-width: 750px) 100vw, 750px\" \/>\t\t\t\t\t\t\t\t\t\t\t\t\t\t\t<\/div>\n\t\t\t\t<\/div>\n\t\t\t\t<div class=\"elementor-element elementor-element-e696d35 elementor-widget elementor-widget-text-editor\" data-id=\"e696d35\" data-element_type=\"widget\" data-widget_type=\"text-editor.default\">\n\t\t\t\t<div class=\"elementor-widget-container\">\n\t\t\t\t\t\t\t\t\t<p>2024 Juli 26. <br \/><strong>AKUSTISCHES BAHNHOFSTRIO<\/strong><\/p><p>Puiu B\u0103rnu\u021biu - Klavier<br \/>Georgescu Bogdan - Bass<br \/>J\u00f3zsef Sz\u0171cs - Schlagzeug<\/p><p>Eintritt: Spende \/\/ Beginn: 19:00<\/p><p>Die drei Mitglieder des Trios spielen seit vielen Jahren in verschiedenen Genres zusammen - sie sind die Gr\u00fcnder und Hauptmitglieder der Bands In Extenso und In Jazztenso - und kennen die Vibes des jeweils anderen gut, so dass das Ergebnis ein spannendes und dennoch leichtes, unterhaltsames Erlebnis ist, das sowohl von anspruchsvollen als auch weniger anspruchsvollen Ohren genossen werden kann.<\/p><p><span class=\"x193iq5w xeuugli x13faqbe x1vvkbs x1xmvt09 x1lliihq x1s928wv xhkezso x1gmr53x x1cpjm7i x1fgarty x1943h6x xudqn12 x3x7a5m x6prxxf xvq8zen xo1l8bm xzsf02u\" dir=\"auto\">Die Jazz-Konzerte auf der Posticum-Terrasse sind bei freiem Eintritt - stattdessen bitten wir unsere G\u00e4ste um eine Spende von 25 RON zur Unterst\u00fctzung der sozialen, kulturellen und p\u00e4dagogischen Projekte des Vereins Posticum Rum\u00e4nien.<\/span><\/p><p>Bis bald!!<\/p>\t\t\t\t\t\t\t\t<\/div>\n\t\t\t\t<\/div>\n\t\t\t\t\t<\/div>\n\t\t<\/div>\n\t\t\t\t\t<\/div>\n\t\t<\/section>\n\t\t\t\t<\/div>","protected":false},"excerpt":{"rendered":"<p>2024 July 26. ACOUSTIC STATION TRIO Puiu B\u0103rnu\u021biu &#8211; pianoGeorgescu Bogdan &#8211; bassSz\u0171cs J\u00f3zsef &#8211; drums admission: donation \/\/ start: 19:00 The band plays jazz standards and pop music hits in a unique, jazzy (Swing &amp; Bossa-Nova) sound. The three members of the trio have been playing together for many [&hellip;]<\/p>","protected":false},"author":2,"featured_media":0,"comment_status":"open","ping_status":"open","sticky":false,"template":"","format":"standard","meta":{"_exactmetrics_skip_tracking":false,"_exactmetrics_sitenote_active":false,"_exactmetrics_sitenote_note":"","_exactmetrics_sitenote_category":0,"footnotes":""},"categories":[1,27,31],"tags":[173,22,152,172,171],"class_list":["post-5064","post","type-post","status-publish","format-standard","hentry","category-egyeb","category-koncert","category-kulturalis-program","tag-georgescu-bogdan","tag-jazz","tag-jazzterrace-2024","tag-puiu-barnutiu","tag-szucs-jozsef"],"_links":{"self":[{"href":"https:\/\/www.posticum.ro\/de\/wp-json\/wp\/v2\/posts\/5064","targetHints":{"allow":["GET"]}}],"collection":[{"href":"https:\/\/www.posticum.ro\/de\/wp-json\/wp\/v2\/posts"}],"about":[{"href":"https:\/\/www.posticum.ro\/de\/wp-json\/wp\/v2\/types\/post"}],"author":[{"embeddable":true,"href":"https:\/\/www.posticum.ro\/de\/wp-json\/wp\/v2\/users\/2"}],"replies":[{"embeddable":true,"href":"https:\/\/www.posticum.ro\/de\/wp-json\/wp\/v2\/comments?post=5064"}],"version-history":[{"count":10,"href":"https:\/\/www.posticum.ro\/de\/wp-json\/wp\/v2\/posts\/5064\/revisions"}],"predecessor-version":[{"id":5148,"href":"https:\/\/www.posticum.ro\/de\/wp-json\/wp\/v2\/posts\/5064\/revisions\/5148"}],"wp:attachment":[{"href":"https:\/\/www.posticum.ro\/de\/wp-json\/wp\/v2\/media?parent=5064"}],"wp:term":[{"taxonomy":"category","embeddable":true,"href":"https:\/\/www.posticum.ro\/de\/wp-json\/wp\/v2\/categories?post=5064"},{"taxonomy":"post_tag","embeddable":true,"href":"https:\/\/www.posticum.ro\/de\/wp-json\/wp\/v2\/tags?post=5064"}],"curies":[{"name":"wp","href":"https:\/\/api.w.org\/{rel}","templated":true}]}}