{"id":5013,"date":"2024-07-13T23:50:09","date_gmt":"2024-07-13T21:50:09","guid":{"rendered":"https:\/\/www.posticum.ro\/?p=5013"},"modified":"2024-06-26T13:01:44","modified_gmt":"2024-06-26T11:01:44","slug":"july-13-jazzterrace-2024-balazs-jozsef-quintet","status":"publish","type":"post","link":"https:\/\/www.posticum.ro\/de\/july-13-jazzterrace-2024-balazs-jozsef-quintet\/","title":{"rendered":"13. JULI \/\/ JAZZTERRACE 2024: BAL\u00c1ZS J\u00d3ZSEF QUINTET"},"content":{"rendered":"<div data-elementor-type=\"wp-post\" data-elementor-id=\"5013\" class=\"elementor elementor-5013\">\n\t\t\t\t\t\t<section class=\"has_eae_slider elementor-section elementor-top-section elementor-element elementor-element-e4882f6 elementor-section-boxed elementor-section-height-default elementor-section-height-default\" data-id=\"e4882f6\" data-element_type=\"section\">\n\t\t\t\t\t\t<div class=\"elementor-container elementor-column-gap-default\">\n\t\t\t\t\t<div class=\"has_eae_slider elementor-column elementor-col-100 elementor-top-column elementor-element elementor-element-8f9e5b9\" data-id=\"8f9e5b9\" data-element_type=\"column\">\n\t\t\t<div class=\"elementor-widget-wrap elementor-element-populated\">\n\t\t\t\t\t\t<div class=\"elementor-element elementor-element-72dbde8 elementor-widget elementor-widget-image\" data-id=\"72dbde8\" data-element_type=\"widget\" data-widget_type=\"image.default\">\n\t\t\t\t<div class=\"elementor-widget-container\">\n\t\t\t\t\t\t\t\t\t\t\t\t\t\t\t<img fetchpriority=\"high\" decoding=\"async\" width=\"750\" height=\"393\" src=\"https:\/\/www.posticum.ro\/wp-content\/uploads\/2024\/06\/events_balazs-jozsef-1024x536.png\" class=\"attachment-large size-large wp-image-5079\" alt=\"\" srcset=\"https:\/\/www.posticum.ro\/wp-content\/uploads\/2024\/06\/events_balazs-jozsef-1024x536.png 1024w, https:\/\/www.posticum.ro\/wp-content\/uploads\/2024\/06\/events_balazs-jozsef-300x157.png 300w, https:\/\/www.posticum.ro\/wp-content\/uploads\/2024\/06\/events_balazs-jozsef-768x402.png 768w, https:\/\/www.posticum.ro\/wp-content\/uploads\/2024\/06\/events_balazs-jozsef-1536x804.png 1536w\" sizes=\"(max-width: 750px) 100vw, 750px\" \/>\t\t\t\t\t\t\t\t\t\t\t\t\t\t\t<\/div>\n\t\t\t\t<\/div>\n\t\t\t\t<div class=\"elementor-element elementor-element-e696d35 elementor-widget elementor-widget-text-editor\" data-id=\"e696d35\" data-element_type=\"widget\" data-widget_type=\"text-editor.default\">\n\t\t\t\t<div class=\"elementor-widget-container\">\n\t\t\t\t\t\t\t\t\t<p>2024 Juli 13.<\/p><p><strong>BAL\u00c1ZS J\u00d3ZSEF QUINTETT<\/strong><br \/><strong><\/strong><\/p><p>J\u00f3zsef Bal\u00e1zs - Klavier<br \/>G\u00e1bor Cvikovszky - Trompete<br \/>Zolt\u00e1n Zana - Saxophon<br \/>Lakatos Pecek Kriszti\u00e1n - Bass<br \/>Elem\u00e9r Bal\u00e1zs - Schlagzeug<\/p><p>Eintritt: Spende \/\/ Beginn: 19:00<\/p><p>J\u00f3zsef Bal\u00e1zs absolvierte die Jazz-Abteilung der Ferenc-Liszt-Musikhochschule und orientierte sich schon w\u00e4hrend seiner fr\u00fchen klassischen Musikausbildung am Jazz. Mit seiner ersten Band, der Bop Machine, nahm er an vielen Wettbewerben teil, unter anderem am Wettbewerb Jazz Juniors in Krakau, wo der Pianist den Preis f\u00fcr den besten Solisten erhielt. <br \/>Das Bal\u00e1zs J\u00f3zsef Quintet wurde 2005 gegr\u00fcndet und hat sich im Laufe der Zeit zu einem bedeutenden nationalen Vertreter des melodischen, modernen Cool entwickelt. 2007 gewann der Bandleader das Lakatos Ablakos Dezs\u0151 Jazz Performance Stipendium. Neben seinen Erfolgen in der Welt des Jazz ist er auch als Arrangeur und Autor in anderen Genres (Pop, Filmmusik) anerkannt. Bereits 2009 schrieb Ol\u00e1h K\u00e1lm\u00e1n im Zusammenhang mit dem Deb\u00fctalbum seines Quintetts (I don't got you mean) \u00fcber ihn: \"Er improvisiert in jeder Formation, man sp\u00fcrt, dass er perfekt spricht und die Muttersprache des Jazz mit Geschmack verwendet.\" !<\/p><p>H\u00f6ren Sie sich das an: <br \/><a href=\"https:\/\/youtu.be\/I6ur-BLq9s0?si=0hVJKfZBJtMbdluH\" target=\"_blank\" rel=\"noopener\"><strong>Bal\u00e1zs J\u00f3zsef Quintett - 28 \u00a0<\/strong> (YouTube)<\/a><\/p><p><span class=\"x193iq5w xeuugli x13faqbe x1vvkbs x1xmvt09 x1lliihq x1s928wv xhkezso x1gmr53x x1cpjm7i x1fgarty x1943h6x xudqn12 x3x7a5m x6prxxf xvq8zen xo1l8bm xzsf02u\" dir=\"auto\"><br \/>Die Jazz-Konzerte auf der Posticum-Terrasse sind bei freiem Eintritt - stattdessen bitten wir unsere G\u00e4ste um eine Spende von 25 RON zur Unterst\u00fctzung der sozialen, kulturellen und p\u00e4dagogischen Projekte des Vereins Posticum Rum\u00e4nien.<br \/><\/span><\/p><p>Bis bald!!<\/p>\t\t\t\t\t\t\t\t<\/div>\n\t\t\t\t<\/div>\n\t\t\t\t\t<\/div>\n\t\t<\/div>\n\t\t\t\t\t<\/div>\n\t\t<\/section>\n\t\t\t\t<\/div>","protected":false},"excerpt":{"rendered":"<p>2024 July 13. BAL\u00c1ZS J\u00d3ZSEF QUINTET Bal\u00e1zs J\u00f3zsef &#8211; pianoCvikovszky G\u00e1bor &#8211; trumpetZana Zolt\u00e1n &#8211; saxLakatos Pecek Kriszti\u00e1n &#8211; bassBal\u00e1zs Elem\u00e9r &#8211; drums admission: donation \/\/ start: 19:00 J\u00f3zsef Bal\u00e1zs graduated from the jazz department of the Ferenc Liszt University of Music, and was already oriented towards jazz during his [&hellip;]<\/p>","protected":false},"author":2,"featured_media":0,"comment_status":"open","ping_status":"open","sticky":false,"template":"","format":"standard","meta":{"_exactmetrics_skip_tracking":false,"_exactmetrics_sitenote_active":false,"_exactmetrics_sitenote_note":"","_exactmetrics_sitenote_category":0,"footnotes":""},"categories":[1,27,31],"tags":[163,158,160,22,152,162,159,161],"class_list":["post-5013","post","type-post","status-publish","format-standard","hentry","category-egyeb","category-koncert","category-kulturalis-program","tag-balazs-elemer","tag-balazs-jozsef","tag-cvikovszky-gabor","tag-jazz","tag-jazzterrace-2024","tag-lakatos-pecek-krisztian","tag-quintet","tag-zana-zoltan"],"_links":{"self":[{"href":"https:\/\/www.posticum.ro\/de\/wp-json\/wp\/v2\/posts\/5013","targetHints":{"allow":["GET"]}}],"collection":[{"href":"https:\/\/www.posticum.ro\/de\/wp-json\/wp\/v2\/posts"}],"about":[{"href":"https:\/\/www.posticum.ro\/de\/wp-json\/wp\/v2\/types\/post"}],"author":[{"embeddable":true,"href":"https:\/\/www.posticum.ro\/de\/wp-json\/wp\/v2\/users\/2"}],"replies":[{"embeddable":true,"href":"https:\/\/www.posticum.ro\/de\/wp-json\/wp\/v2\/comments?post=5013"}],"version-history":[{"count":22,"href":"https:\/\/www.posticum.ro\/de\/wp-json\/wp\/v2\/posts\/5013\/revisions"}],"predecessor-version":[{"id":5145,"href":"https:\/\/www.posticum.ro\/de\/wp-json\/wp\/v2\/posts\/5013\/revisions\/5145"}],"wp:attachment":[{"href":"https:\/\/www.posticum.ro\/de\/wp-json\/wp\/v2\/media?parent=5013"}],"wp:term":[{"taxonomy":"category","embeddable":true,"href":"https:\/\/www.posticum.ro\/de\/wp-json\/wp\/v2\/categories?post=5013"},{"taxonomy":"post_tag","embeddable":true,"href":"https:\/\/www.posticum.ro\/de\/wp-json\/wp\/v2\/tags?post=5013"}],"curies":[{"name":"wp","href":"https:\/\/api.w.org\/{rel}","templated":true}]}}