{"id":5008,"date":"2024-06-28T23:50:43","date_gmt":"2024-06-28T21:50:43","guid":{"rendered":"https:\/\/www.posticum.ro\/?p=5008"},"modified":"2024-06-26T13:00:52","modified_gmt":"2024-06-26T11:00:52","slug":"june-28-jazzterrace-2024-szalayi-gabor-organ-trio","status":"publish","type":"post","link":"https:\/\/www.posticum.ro\/de\/june-28-jazzterrace-2024-szalayi-gabor-organ-trio\/","title":{"rendered":"28. JUNI \/\/ JAZZTERRACE 2024: SZALAY G\u00c1BOR ORGAN TRIO"},"content":{"rendered":"<div data-elementor-type=\"wp-post\" data-elementor-id=\"5008\" class=\"elementor elementor-5008\">\n\t\t\t\t\t\t<section class=\"has_eae_slider elementor-section elementor-top-section elementor-element elementor-element-e4882f6 elementor-section-boxed elementor-section-height-default elementor-section-height-default\" data-id=\"e4882f6\" data-element_type=\"section\">\n\t\t\t\t\t\t<div class=\"elementor-container elementor-column-gap-default\">\n\t\t\t\t\t<div class=\"has_eae_slider elementor-column elementor-col-100 elementor-top-column elementor-element elementor-element-8f9e5b9\" data-id=\"8f9e5b9\" data-element_type=\"column\">\n\t\t\t<div class=\"elementor-widget-wrap elementor-element-populated\">\n\t\t\t\t\t\t<div class=\"elementor-element elementor-element-72dbde8 elementor-widget elementor-widget-image\" data-id=\"72dbde8\" data-element_type=\"widget\" data-widget_type=\"image.default\">\n\t\t\t\t<div class=\"elementor-widget-container\">\n\t\t\t\t\t\t\t\t\t\t\t\t\t\t\t<img fetchpriority=\"high\" decoding=\"async\" width=\"750\" height=\"393\" src=\"https:\/\/www.posticum.ro\/wp-content\/uploads\/2024\/06\/events_szalayi-1-1024x536.png\" class=\"attachment-large size-large wp-image-5121\" alt=\"\" srcset=\"https:\/\/www.posticum.ro\/wp-content\/uploads\/2024\/06\/events_szalayi-1-1024x536.png 1024w, https:\/\/www.posticum.ro\/wp-content\/uploads\/2024\/06\/events_szalayi-1-300x157.png 300w, https:\/\/www.posticum.ro\/wp-content\/uploads\/2024\/06\/events_szalayi-1-768x402.png 768w, https:\/\/www.posticum.ro\/wp-content\/uploads\/2024\/06\/events_szalayi-1-1536x804.png 1536w, https:\/\/www.posticum.ro\/wp-content\/uploads\/2024\/06\/events_szalayi-1.png 1921w\" sizes=\"(max-width: 750px) 100vw, 750px\" \/>\t\t\t\t\t\t\t\t\t\t\t\t\t\t\t<\/div>\n\t\t\t\t<\/div>\n\t\t\t\t<div class=\"elementor-element elementor-element-e696d35 elementor-widget elementor-widget-text-editor\" data-id=\"e696d35\" data-element_type=\"widget\" data-widget_type=\"text-editor.default\">\n\t\t\t\t<div class=\"elementor-widget-container\">\n\t\t\t\t\t\t\t\t\t<p>2024 Juni 28. <br \/><strong>G\u00c1BOR SZALAY ORGAN TRIO<\/strong><\/p><p>G\u00e1bor Szalay - Gitarre<br \/>Albert Horv\u00e1th - Orgel<br \/>Bal\u00e1zs B\u00e1gyi - Schlagzeug<\/p><p>Eintritt: Spende \/\/ Beginn: 19:00<\/p><p>Der gr\u00f6\u00dfte Teil des Programms des 2023 gegr\u00fcndeten Trios besteht aus eigenen Kompositionen und den Kompositionen des hervorragenden Jazzkomponisten und Pianisten Theonius Monk. Das gemeinsame Spiel von Orgel und Gitarre ist in der Jazzmusik nicht neu, das beweisen auch die unz\u00e4hligen Aufnahmen von Jazzgitarristen mit Orgel.<br \/>Abgesehen davon, dass sie sich klanglich erg\u00e4nzen k\u00f6nnen, hat sie auch eine praktische Funktion, denn die linke Hand des Organisten ersetzt den Kontrabass, w\u00e4hrend er mit der rechten Hand in der Begleitung auch Harmonien spielen kann. Wenn der Organist improvisiert, \u00fcbernimmt die Gitarre die Begleitung.<br \/>Dieses Zusammenspiel macht unter anderem die Musik des Trios besonders.<\/p><p>H\u00f6ren Sie sich diese Vorspeise an: <br \/><a href=\"https:\/\/youtu.be\/5zo4U0PaI9A?si=VIds6q-YmF4Hdk0f\" target=\"_blank\" rel=\"noopener\"><strong>G\u00e1bor Szalay \"Halb\" Monk Trio<\/strong> \u00a0 (YouTube)<\/a><\/p><p><span class=\"x193iq5w xeuugli x13faqbe x1vvkbs x1xmvt09 x1lliihq x1s928wv xhkezso x1gmr53x x1cpjm7i x1fgarty x1943h6x xudqn12 x3x7a5m x6prxxf xvq8zen xo1l8bm xzsf02u\" dir=\"auto\">Dieses Konzert wird vom Nationalen Kulturfonds Ungarns unterst\u00fctzt.<\/span><\/p><p><span class=\"x193iq5w xeuugli x13faqbe x1vvkbs x1xmvt09 x1lliihq x1s928wv xhkezso x1gmr53x x1cpjm7i x1fgarty x1943h6x xudqn12 x3x7a5m x6prxxf xvq8zen xo1l8bm xzsf02u\" dir=\"auto\">Die Jazz-Konzerte auf der Posticum-Terrasse sind bei freiem Eintritt - stattdessen bitten wir unsere G\u00e4ste um eine Spende von 25 RON zur Unterst\u00fctzung der sozialen, kulturellen und p\u00e4dagogischen Projekte des Vereins Posticum Rum\u00e4nien.<\/span><\/p><p>Bis bald!!<\/p>\t\t\t\t\t\t\t\t<\/div>\n\t\t\t\t<\/div>\n\t\t\t\t\t<\/div>\n\t\t<\/div>\n\t\t\t\t\t<\/div>\n\t\t<\/section>\n\t\t\t\t<\/div>","protected":false},"excerpt":{"rendered":"<p>2024 June 28. SZALAY G\u00c1BOR ORGAN TRIO Szalay G\u00e1bor &#8211; GuitarHorv\u00e1th Albert &#8211; OrganB\u00e1gyi Bal\u00e1zs &#8211; Drums admission: donation \/\/ start: 19:00 Most of the trio&#8217;s program, founded in 2023, consists of their own compositions and the compositions of the excellent jazz composer and pianist Theonius Monk. The joint playing [&hellip;]<\/p>","protected":false},"author":2,"featured_media":0,"comment_status":"open","ping_status":"open","sticky":false,"template":"","format":"standard","meta":{"_exactmetrics_skip_tracking":false,"_exactmetrics_sitenote_active":false,"_exactmetrics_sitenote_note":"","_exactmetrics_sitenote_category":0,"footnotes":""},"categories":[1,27,31],"tags":[157,156,22,152,155],"class_list":["post-5008","post","type-post","status-publish","format-standard","hentry","category-egyeb","category-koncert","category-kulturalis-program","tag-bagyi-balazs","tag-horvath-albert","tag-jazz","tag-jazzterrace-2024","tag-szalayi-gabor"],"_links":{"self":[{"href":"https:\/\/www.posticum.ro\/de\/wp-json\/wp\/v2\/posts\/5008","targetHints":{"allow":["GET"]}}],"collection":[{"href":"https:\/\/www.posticum.ro\/de\/wp-json\/wp\/v2\/posts"}],"about":[{"href":"https:\/\/www.posticum.ro\/de\/wp-json\/wp\/v2\/types\/post"}],"author":[{"embeddable":true,"href":"https:\/\/www.posticum.ro\/de\/wp-json\/wp\/v2\/users\/2"}],"replies":[{"embeddable":true,"href":"https:\/\/www.posticum.ro\/de\/wp-json\/wp\/v2\/comments?post=5008"}],"version-history":[{"count":26,"href":"https:\/\/www.posticum.ro\/de\/wp-json\/wp\/v2\/posts\/5008\/revisions"}],"predecessor-version":[{"id":5142,"href":"https:\/\/www.posticum.ro\/de\/wp-json\/wp\/v2\/posts\/5008\/revisions\/5142"}],"wp:attachment":[{"href":"https:\/\/www.posticum.ro\/de\/wp-json\/wp\/v2\/media?parent=5008"}],"wp:term":[{"taxonomy":"category","embeddable":true,"href":"https:\/\/www.posticum.ro\/de\/wp-json\/wp\/v2\/categories?post=5008"},{"taxonomy":"post_tag","embeddable":true,"href":"https:\/\/www.posticum.ro\/de\/wp-json\/wp\/v2\/tags?post=5008"}],"curies":[{"name":"wp","href":"https:\/\/api.w.org\/{rel}","templated":true}]}}