{"id":4678,"date":"2024-03-08T23:20:44","date_gmt":"2024-03-08T21:20:44","guid":{"rendered":"https:\/\/www.posticum.ro\/?p=4678"},"modified":"2024-11-05T08:39:50","modified_gmt":"2024-11-05T06:39:50","slug":"march-08-6pm-jazzweekend-kerub-trio","status":"publish","type":"post","link":"https:\/\/www.posticum.ro\/de\/march-08-6pm-jazzweekend-kerub-trio\/","title":{"rendered":"March 08. &#8211; 6pm \/\/ JAZZWEEKEND &#8211; KERUB Trio"},"content":{"rendered":"<div data-elementor-type=\"wp-post\" data-elementor-id=\"4678\" class=\"elementor elementor-4678\">\n\t\t\t\t\t\t<section class=\"has_eae_slider elementor-section elementor-top-section elementor-element elementor-element-8a8c1cd elementor-section-boxed elementor-section-height-default elementor-section-height-default\" data-id=\"8a8c1cd\" data-element_type=\"section\">\n\t\t\t\t\t\t<div class=\"elementor-container elementor-column-gap-default\">\n\t\t\t\t\t<div class=\"has_eae_slider elementor-column elementor-col-100 elementor-top-column elementor-element elementor-element-5576162\" data-id=\"5576162\" data-element_type=\"column\">\n\t\t\t<div class=\"elementor-widget-wrap elementor-element-populated\">\n\t\t\t\t\t\t<div class=\"elementor-element elementor-element-8046ea0 elementor-widget elementor-widget-image\" data-id=\"8046ea0\" data-element_type=\"widget\" data-widget_type=\"image.default\">\n\t\t\t\t<div class=\"elementor-widget-container\">\n\t\t\t\t\t\t\t\t\t\t\t\t\t\t\t<img fetchpriority=\"high\" decoding=\"async\" width=\"750\" height=\"393\" src=\"https:\/\/www.posticum.ro\/wp-content\/uploads\/2024\/02\/KERUB-1024x537.png\" class=\"attachment-large size-large wp-image-4729\" alt=\"\" srcset=\"https:\/\/www.posticum.ro\/wp-content\/uploads\/2024\/02\/KERUB-1024x537.png 1024w, https:\/\/www.posticum.ro\/wp-content\/uploads\/2024\/02\/KERUB-300x157.png 300w, https:\/\/www.posticum.ro\/wp-content\/uploads\/2024\/02\/KERUB-768x403.png 768w, https:\/\/www.posticum.ro\/wp-content\/uploads\/2024\/02\/KERUB.png 1200w\" sizes=\"(max-width: 750px) 100vw, 750px\" \/>\t\t\t\t\t\t\t\t\t\t\t\t\t\t\t<\/div>\n\t\t\t\t<\/div>\n\t\t\t\t<div class=\"elementor-element elementor-element-eb41e4d elementor-widget elementor-widget-text-editor\" data-id=\"eb41e4d\" data-element_type=\"widget\" data-widget_type=\"text-editor.default\">\n\t\t\t\t<div class=\"elementor-widget-container\">\n\t\t\t\t\t\t\t\t\t<div><p><strong>POSTICUM JAZZWEEKEND 2024<\/strong><\/p><\/div><p>Freitag<br \/>March 08., 6pm, Jazzland:<br \/><br \/><\/p><p><strong>KERUB (trio)<\/strong><\/p><p><em>B\u00e9la \u00c1goston<\/em> &#8211; C-melody, soprano saxophone, alto clarinet, glissonic, hulu, duda, tilink\u00f3, fujara, p\u00e1ns\u00edp, havasi k\u00fcrt, steel drum, h\u00f6-mi, vocals<br \/><em>Zolt\u00e1n Mizsei<\/em> &#8211; keyboards, piano, h\u00f6-mi, vocals<br \/><em>L\u00e1szl\u00f3 Farkas Ke\u00f6nch<\/em> &#8211; cajon, udu, darbuka, kanjira, mouth harp, carillon, bells, shaker, effects, h\u00f6-mi, vocals<\/p><p><br \/>Kerub invites the audience to a special breather of free music. Akin musical interest, openness, similar vision and secession from the creative workday life, spent with tight-kept wings, turn the common improvisation to a celebration, resembling to a free soaring where Nothing-but-Nothing has been discussed but the time to be spent with playing. In the symbiosis of the trio, togetherness is the only source of inspiration for their gliding music. Though this musical retreat, based on contemporary improvisation techniques, may be a fragile flying modus, the participants speak a common language and hear each other in the right way. Cherubs have four faces, Kerub just three. Perhaps the fourth one is an Ancestor invoked by them \u2013 speaking in their tones.<\/p><p>Listen here: <strong><a href=\"https:\/\/open.spotify.com\/intl-de\/album\/7JHnEFdInku0EUWBewPi4u?si=EG7WM3jYSji8bdfO-zyt7Q\" target=\"_blank\" rel=\"noopener\">Spotyfy<\/a><\/strong><\/p><p>Eintritt:\u00a0 <em>kostenlos\u00a0<\/em> || <em>Tombola w\u00e4hrend der Pause<\/em><\/p>\t\t\t\t\t\t\t\t<\/div>\n\t\t\t\t<\/div>\n\t\t\t\t\t<\/div>\n\t\t<\/div>\n\t\t\t\t\t<\/div>\n\t\t<\/section>\n\t\t\t\t<\/div>","protected":false},"excerpt":{"rendered":"<p>POSTICUM JAZZWEEKEND 2024 FridayMarch 08., 6pm, Jazzland: KERUB (trio) B\u00e9la \u00c1goston &#8211; C-melody, soprano saxophone, alto clarinet, glissonic, hulu, duda, tilink\u00f3, fujara, p\u00e1ns\u00edp, havasi k\u00fcrt, steel drum, h\u00f6-mi, vocalsZolt\u00e1n Mizsei &#8211; keyboards, piano, h\u00f6-mi, vocalsL\u00e1szl\u00f3 Farkas Ke\u00f6nch &#8211; cajon, udu, darbuka, kanjira, mouth harp, carillon, bells, shaker, effects, h\u00f6-mi, vocals [&hellip;]<\/p>","protected":false},"author":2,"featured_media":0,"comment_status":"closed","ping_status":"closed","sticky":false,"template":"","format":"standard","meta":{"_exactmetrics_skip_tracking":false,"_exactmetrics_sitenote_active":false,"_exactmetrics_sitenote_note":"","_exactmetrics_sitenote_category":0,"footnotes":""},"categories":[27,31,32],"tags":[22,110],"class_list":["post-4678","post","type-post","status-publish","format-standard","hentry","category-koncert","category-kulturalis-program","category-nemzetkozi-program","tag-jazz","tag-kerub"],"_links":{"self":[{"href":"https:\/\/www.posticum.ro\/de\/wp-json\/wp\/v2\/posts\/4678","targetHints":{"allow":["GET"]}}],"collection":[{"href":"https:\/\/www.posticum.ro\/de\/wp-json\/wp\/v2\/posts"}],"about":[{"href":"https:\/\/www.posticum.ro\/de\/wp-json\/wp\/v2\/types\/post"}],"author":[{"embeddable":true,"href":"https:\/\/www.posticum.ro\/de\/wp-json\/wp\/v2\/users\/2"}],"replies":[{"embeddable":true,"href":"https:\/\/www.posticum.ro\/de\/wp-json\/wp\/v2\/comments?post=4678"}],"version-history":[{"count":22,"href":"https:\/\/www.posticum.ro\/de\/wp-json\/wp\/v2\/posts\/4678\/revisions"}],"predecessor-version":[{"id":4737,"href":"https:\/\/www.posticum.ro\/de\/wp-json\/wp\/v2\/posts\/4678\/revisions\/4737"}],"wp:attachment":[{"href":"https:\/\/www.posticum.ro\/de\/wp-json\/wp\/v2\/media?parent=4678"}],"wp:term":[{"taxonomy":"category","embeddable":true,"href":"https:\/\/www.posticum.ro\/de\/wp-json\/wp\/v2\/categories?post=4678"},{"taxonomy":"post_tag","embeddable":true,"href":"https:\/\/www.posticum.ro\/de\/wp-json\/wp\/v2\/tags?post=4678"}],"curies":[{"name":"wp","href":"https:\/\/api.w.org\/{rel}","templated":true}]}}