{"id":3926,"date":"2023-03-16T23:59:20","date_gmt":"2023-03-16T21:59:20","guid":{"rendered":"https:\/\/www.posticum.ro\/?p=3926"},"modified":"2023-03-10T12:07:34","modified_gmt":"2023-03-10T10:07:34","slug":"k-i-t-e-l-e-p-i-t-e-s-felolvasoszinhaz-dimeny-aronnal-iro-olvaso-talalkozo-visky-andrassal","status":"publish","type":"post","link":"https:\/\/www.posticum.ro\/de\/k-i-t-e-l-e-p-i-t-e-s-felolvasoszinhaz-dimeny-aronnal-iro-olvaso-talalkozo-visky-andrassal\/","title":{"rendered":"16. M\u00e4rz, 18:00 - C I T E L E P I T S - Lesetheater mit \u00c1ron Dim\u00e9ny &amp; Schriftsteller-Leser-Treffen mit Andr\u00e1s Visky"},"content":{"rendered":"<div data-elementor-type=\"wp-post\" data-elementor-id=\"3926\" class=\"elementor elementor-3926\">\n\t\t\t\t\t\t<section class=\"has_eae_slider elementor-section elementor-top-section elementor-element elementor-element-6cc39f6 elementor-section-boxed elementor-section-height-default elementor-section-height-default\" data-id=\"6cc39f6\" data-element_type=\"section\">\n\t\t\t\t\t\t<div class=\"elementor-container elementor-column-gap-default\">\n\t\t\t\t\t<div class=\"has_eae_slider elementor-column elementor-col-100 elementor-top-column elementor-element elementor-element-d390d09\" data-id=\"d390d09\" data-element_type=\"column\">\n\t\t\t<div class=\"elementor-widget-wrap elementor-element-populated\">\n\t\t\t\t\t\t<div class=\"elementor-element elementor-element-452fa50 elementor-widget elementor-widget-image\" data-id=\"452fa50\" data-element_type=\"widget\" data-widget_type=\"image.default\">\n\t\t\t\t<div class=\"elementor-widget-container\">\n\t\t\t\t\t\t\t\t\t\t\t\t\t\t\t<img fetchpriority=\"high\" decoding=\"async\" width=\"750\" height=\"320\" src=\"https:\/\/www.posticum.ro\/wp-content\/uploads\/2023\/03\/333115638_566865978735974_4517746939474270052_n.jpg\" class=\"attachment-large size-large wp-image-3928\" alt=\"\" srcset=\"https:\/\/www.posticum.ro\/wp-content\/uploads\/2023\/03\/333115638_566865978735974_4517746939474270052_n.jpg 960w, https:\/\/www.posticum.ro\/wp-content\/uploads\/2023\/03\/333115638_566865978735974_4517746939474270052_n-300x128.jpg 300w, https:\/\/www.posticum.ro\/wp-content\/uploads\/2023\/03\/333115638_566865978735974_4517746939474270052_n-768x327.jpg 768w\" sizes=\"(max-width: 750px) 100vw, 750px\" \/>\t\t\t\t\t\t\t\t\t\t\t\t\t\t\t<\/div>\n\t\t\t\t<\/div>\n\t\t\t\t<div class=\"elementor-element elementor-element-5c74005 elementor-widget elementor-widget-text-editor\" data-id=\"5c74005\" data-element_type=\"widget\" data-widget_type=\"text-editor.default\">\n\t\t\t\t<div class=\"elementor-widget-container\">\n\t\t\t\t\t\t\t\t\t<div class=\"x11i5rnm xat24cr x1mh8g0r x1vvkbs xdj266r\">\"(...) Wir m\u00fcssen uns bem\u00fchen, die Realit\u00e4ten der anderen zu kennen und zu akzeptieren. Es ist diese Entschlossenheit, die uns menschlich macht, und diese unterschiedlichen geistigen Reflexionen, die uns zu Br\u00fcdern und Schwestern machen.<br \/>Der Rest ist Stille, Schnee und Tod.\" - Andr\u00e1s Visky<\/div><div class=\"x11i5rnm xat24cr x1mh8g0r x1vvkbs xtlvy1s\">\u00c1ron Dim\u00e9ny liest im Wohnzimmer des Posticums aus Andr\u00e1s Viskys Roman \"Umsiedlung\", der bei Jelenkor erschienen ist, gefolgt von einem informellen Gespr\u00e4ch mit Andr\u00e1s Visky bei einer Tasse duftendem Tee. Wenn es k\u00fchl wird, z\u00fcnden wir den Kamin an und lassen ihn knistern.<\/div><div class=\"x11i5rnm xat24cr x1mh8g0r x1vvkbs xtlvy1s\">Auch diejenigen, die den Roman noch nicht besitzen, werden nicht ohne ein Exemplar dastehen: einige Exemplare werden zum Kauf angeboten, aber Sie k\u00f6nnen auch Ihr eigenes Buch zum Signieren mitbringen.<\/div><div class=\"x11i5rnm xat24cr x1mh8g0r x1vvkbs xtlvy1s\">Gehen Sie ins Posticum. Es ist auch eine Gelegenheit, \"die Realit\u00e4ten der anderen kennenzulernen und zu akzeptieren\", sich zu vernetzen, von Zeit zu Zeit vom Publikum zur Gemeinschaft zu werden.<\/div>\t\t\t\t\t\t\t\t<\/div>\n\t\t\t\t<\/div>\n\t\t\t\t\t<\/div>\n\t\t<\/div>\n\t\t\t\t\t<\/div>\n\t\t<\/section>\n\t\t\t\t<\/div>","protected":false},"excerpt":{"rendered":"<p>\u201e(&#8230;)T\u00f6rekedn\u00fcnk kell arra, hogy megismerj\u00fck \u00e9s elfogadjuk egym\u00e1s val\u00f3s\u00e1gait. Ez az elsz\u00e1n\u00e1s tesz emberr\u00e9 \u00e9s ezek a k\u00fcl\u00f6nb\u00f6z\u0151 lelki t\u00fckr\u00f6z\u0151d\u00e9sek tesznek egym\u00e1s testv\u00e9reiv\u00e9 benn\u00fcnket.A t\u00f6bbi n\u00e9ma csend \u00e9s h\u00f3 \u00e9s hal\u00e1l.\u201d &#8211; Visky Andr\u00e1sVisky Andr\u00e1s reg\u00e9ny\u00e9b\u0151l, a Jelenkor Kiad\u00f3n\u00e1l megjelent Kitelep\u00edt\u00e9sb\u0151l Dim\u00e9ny \u00c1ron olvas fel a jelenl\u00e9v\u0151knek a Posticum nappalij\u00e1ban, [&hellip;]<\/p>","protected":false},"author":1,"featured_media":0,"comment_status":"open","ping_status":"open","sticky":false,"template":"","format":"standard","meta":{"_exactmetrics_skip_tracking":false,"_exactmetrics_sitenote_active":false,"_exactmetrics_sitenote_note":"","_exactmetrics_sitenote_category":0,"footnotes":""},"categories":[31],"tags":[],"class_list":["post-3926","post","type-post","status-publish","format-standard","hentry","category-kulturalis-program"],"_links":{"self":[{"href":"https:\/\/www.posticum.ro\/de\/wp-json\/wp\/v2\/posts\/3926","targetHints":{"allow":["GET"]}}],"collection":[{"href":"https:\/\/www.posticum.ro\/de\/wp-json\/wp\/v2\/posts"}],"about":[{"href":"https:\/\/www.posticum.ro\/de\/wp-json\/wp\/v2\/types\/post"}],"author":[{"embeddable":true,"href":"https:\/\/www.posticum.ro\/de\/wp-json\/wp\/v2\/users\/1"}],"replies":[{"embeddable":true,"href":"https:\/\/www.posticum.ro\/de\/wp-json\/wp\/v2\/comments?post=3926"}],"version-history":[{"count":7,"href":"https:\/\/www.posticum.ro\/de\/wp-json\/wp\/v2\/posts\/3926\/revisions"}],"predecessor-version":[{"id":3946,"href":"https:\/\/www.posticum.ro\/de\/wp-json\/wp\/v2\/posts\/3926\/revisions\/3946"}],"wp:attachment":[{"href":"https:\/\/www.posticum.ro\/de\/wp-json\/wp\/v2\/media?parent=3926"}],"wp:term":[{"taxonomy":"category","embeddable":true,"href":"https:\/\/www.posticum.ro\/de\/wp-json\/wp\/v2\/categories?post=3926"},{"taxonomy":"post_tag","embeddable":true,"href":"https:\/\/www.posticum.ro\/de\/wp-json\/wp\/v2\/tags?post=3926"}],"curies":[{"name":"wp","href":"https:\/\/api.w.org\/{rel}","templated":true}]}}