{"id":3850,"date":"2023-02-26T23:55:36","date_gmt":"2023-02-26T21:55:36","guid":{"rendered":"https:\/\/www.posticum.ro\/?p=3850"},"modified":"2022-12-11T12:31:49","modified_gmt":"2022-12-11T10:31:49","slug":"2023-februar-23-26-test-es-lelek-napok","status":"publish","type":"post","link":"https:\/\/www.posticum.ro\/de\/2023-februar-23-26-test-es-lelek-napok\/","title":{"rendered":"2023. febru\u00e1r 23 &#8211; 26.: Test \u00e9s L\u00e9lek-Napok"},"content":{"rendered":"<div data-elementor-type=\"wp-post\" data-elementor-id=\"3850\" class=\"elementor elementor-3850\">\n\t\t\t\t\t\t<section class=\"has_eae_slider elementor-section elementor-top-section elementor-element elementor-element-7870263 elementor-section-boxed elementor-section-height-default elementor-section-height-default\" data-id=\"7870263\" data-element_type=\"section\">\n\t\t\t\t\t\t<div class=\"elementor-container elementor-column-gap-default\">\n\t\t\t\t\t<div class=\"has_eae_slider elementor-column elementor-col-50 elementor-top-column elementor-element elementor-element-51dc3fa\" data-id=\"51dc3fa\" data-element_type=\"column\">\n\t\t\t<div class=\"elementor-widget-wrap elementor-element-populated\">\n\t\t\t\t\t\t<div class=\"elementor-element elementor-element-3515e34 elementor-widget elementor-widget-image\" data-id=\"3515e34\" data-element_type=\"widget\" data-widget_type=\"image.default\">\n\t\t\t\t<div class=\"elementor-widget-container\">\n\t\t\t\t\t\t\t\t\t\t\t\t\t\t\t<img fetchpriority=\"high\" decoding=\"async\" width=\"750\" height=\"402\" src=\"https:\/\/www.posticum.ro\/wp-content\/uploads\/2022\/09\/logo_1-1024x549.png\" class=\"attachment-large size-large wp-image-3702\" alt=\"\" srcset=\"https:\/\/www.posticum.ro\/wp-content\/uploads\/2022\/09\/logo_1-1024x549.png 1024w, https:\/\/www.posticum.ro\/wp-content\/uploads\/2022\/09\/logo_1-300x161.png 300w, https:\/\/www.posticum.ro\/wp-content\/uploads\/2022\/09\/logo_1-768x412.png 768w, https:\/\/www.posticum.ro\/wp-content\/uploads\/2022\/09\/logo_1.png 1420w\" sizes=\"(max-width: 750px) 100vw, 750px\" \/>\t\t\t\t\t\t\t\t\t\t\t\t\t\t\t<\/div>\n\t\t\t\t<\/div>\n\t\t\t\t\t<\/div>\n\t\t<\/div>\n\t\t\t\t<div class=\"has_eae_slider elementor-column elementor-col-50 elementor-top-column elementor-element elementor-element-fefb379\" data-id=\"fefb379\" data-element_type=\"column\">\n\t\t\t<div class=\"elementor-widget-wrap elementor-element-populated\">\n\t\t\t\t\t\t<div class=\"elementor-element elementor-element-d6130ad elementor-widget elementor-widget-text-editor\" data-id=\"d6130ad\" data-element_type=\"widget\" data-widget_type=\"text-editor.default\">\n\t\t\t\t<div class=\"elementor-widget-container\">\n\t\t\t\t\t\t\t\t\t<p><b>Test \u00e9s L\u00e9lek NAP-ok&nbsp;<\/b><\/p>\n<p><\/p>\n<p><span style=\"font-weight: 400;\">Nyitott csoportfoglalkoz\u00e1sainkra szeretettel v\u00e1rjuk mindazokat, akik a l\u00e9lektan \u00e9s a spiritualit\u00e1s felt\u00e1r\u00f3 erej\u00e9vel szeretn\u00e9nek testi, lelki term\u00e9szet\u0171 neh\u00e9zs\u00e9geikre r\u00e1n\u00e9zni, a felold\u00e1s fel\u00e9 vinni azokat.&nbsp;<\/span><\/p>\n<p><\/p>\n<p><span style=\"font-weight: 400;\">Az eg\u00e9sz folyamatra val\u00f3 elk\u00f6telez\u0151d\u00e9s mellett a csoportter\u00e1pi\u00e1s form\u00e1ban m\u0171k\u00f6d\u0151 alkalmak egy-egy blokkj\u00e1n is r\u00e9szt lehet venni.<\/span><\/p>\n<p><\/p>\n<p><span style=\"font-weight: 400;\">A csoportalkalmakat vezet\u0151 szakemberek saj\u00e1toss\u00e1ga a teljes embert l\u00e1t\u00f3 szeml\u00e9letm\u00f3d, az Istenkapcsolat fontoss\u00e1ga, a rendszerszeml\u00e9letben gondolkoz\u00e1s. Az orvostudom\u00e1ny \u00e9s a teol\u00f3gia testi \u00e9s lelki eg\u00e9szs\u00e9g-meg\u0151rz\u00e9sben el\u00e9rt eredm\u00e9nyei mellett a gy\u00f3gyul\u00e1sban kiemelked\u0151 szerepe van a nem dologi term\u00e9szet\u0171 gy\u00f3gy\u00edt\u00f3 er\u0151nek, vall\u00e1sos sz\u00f3haszn\u00e1lattal \u00e9lve <\/span><b><i>istenk\u00e9p\u0171s\u00e9g\u00fcnknek<\/i><\/b><span style=\"font-weight: 400;\"> is, amely mindannyiunkban ott rejlik. Emberi hivat\u00e1sunk egyik legfontosabbika megtal\u00e1lni a vele val\u00f3 kapcsol\u00f3d\u00e1st, mely \u00e1ltal neh\u00e9zs\u00e9geink gy\u00f3gyul\u00e1snak indulhatnak, az eg\u00e9sz, <\/span><b><i>eg\u00e9szs\u00e9g<\/i><\/b><span style=\"font-weight: 400;\"> fel\u00e9.&nbsp;<\/span><\/p>\n<p><\/p>\n<p><b>T\u00e9ma: A BOTR\u00c1NY. <\/b><span style=\"font-weight: 400;\">Mi lehet botr\u00e1ny? Ha igazs\u00e1gtalanul megal\u00e1znak, hamis \u00edt\u00e9letet mondanak, intim titkaink kider\u00fclnek, kit\u00e1rj\u00e1k \u0151ket. Rokonok, bar\u00e1tok \u00e1tvernek, el\u00e1rulnak. Valami sz\u00e9pet hozunk l\u00e9tre \u00e9s valami\/valaki k\u00e1rt tesz benne, egy meghitt csendbe valaki tapintatlanul belezajong, egy \u00e9rz\u00e9keny t\u00e9m\u00e1ba belet\u00farnak. A csal\u00e1dunk, vagy valaki m\u00e1s botr\u00e1nyos helyzetet hoz l\u00e9tre.<\/span><\/p>\n<p><\/p>\n<p><b>Vend\u00e9g\u00fcnk <\/b><span style=\"font-weight: 400;\">Dr. Barcsay Andr\u00e1s, pszichi\u00e1ter \u00e9s pszichoterapeuta szakorvos, <\/span><span style=\"font-weight: 400;\">Brechler Adrienn craniosacralis terapeuta \u00e9s Dr. M\u00e9zes Zsolt L\u00e1szl\u00f3 <\/span><span style=\"font-weight: 400;\">evang\u00e9likus lelk\u00e9sz, ment\u00e1lhigi\u00e9n\u00e9s szakember.<\/span><\/p>\n<p><b>R\u00e9szletek a vend\u00e9gh\u00e1z honlapj\u00e1n: <a href=\"https:\/\/www.thezenhostel.com\/hu\/test-es-lelek-nap-ok-2023-februar-23-26\/\">https:\/\/www.thezenhostel.com\/hu\/test-es-lelek-nap-ok-2023-februar-23-26\/<\/a><\/b><\/p>\t\t\t\t\t\t\t\t<\/div>\n\t\t\t\t<\/div>\n\t\t\t\t\t<\/div>\n\t\t<\/div>\n\t\t\t\t\t<\/div>\n\t\t<\/section>\n\t\t\t\t<\/div>","protected":false},"excerpt":{"rendered":"<p>Test \u00e9s L\u00e9lek NAP-ok&nbsp; Nyitott csoportfoglalkoz\u00e1sainkra szeretettel v\u00e1rjuk mindazokat, akik a l\u00e9lektan \u00e9s a spiritualit\u00e1s felt\u00e1r\u00f3 erej\u00e9vel szeretn\u00e9nek testi, lelki term\u00e9szet\u0171 neh\u00e9zs\u00e9geikre r\u00e1n\u00e9zni, a felold\u00e1s fel\u00e9 vinni azokat.&nbsp; Az eg\u00e9sz folyamatra val\u00f3 elk\u00f6telez\u0151d\u00e9s mellett a csoportter\u00e1pi\u00e1s form\u00e1ban m\u0171k\u00f6d\u0151 alkalmak egy-egy blokkj\u00e1n is r\u00e9szt lehet venni. A csoportalkalmakat vezet\u0151 szakemberek saj\u00e1toss\u00e1ga [&hellip;]<\/p>","protected":false},"author":1,"featured_media":0,"comment_status":"open","ping_status":"open","sticky":false,"template":"","format":"standard","meta":{"_exactmetrics_skip_tracking":false,"_exactmetrics_sitenote_active":false,"_exactmetrics_sitenote_note":"","_exactmetrics_sitenote_category":0,"footnotes":""},"categories":[28],"tags":[],"class_list":["post-3850","post","type-post","status-publish","format-standard","hentry","category-terapia"],"_links":{"self":[{"href":"https:\/\/www.posticum.ro\/de\/wp-json\/wp\/v2\/posts\/3850","targetHints":{"allow":["GET"]}}],"collection":[{"href":"https:\/\/www.posticum.ro\/de\/wp-json\/wp\/v2\/posts"}],"about":[{"href":"https:\/\/www.posticum.ro\/de\/wp-json\/wp\/v2\/types\/post"}],"author":[{"embeddable":true,"href":"https:\/\/www.posticum.ro\/de\/wp-json\/wp\/v2\/users\/1"}],"replies":[{"embeddable":true,"href":"https:\/\/www.posticum.ro\/de\/wp-json\/wp\/v2\/comments?post=3850"}],"version-history":[{"count":10,"href":"https:\/\/www.posticum.ro\/de\/wp-json\/wp\/v2\/posts\/3850\/revisions"}],"predecessor-version":[{"id":3860,"href":"https:\/\/www.posticum.ro\/de\/wp-json\/wp\/v2\/posts\/3850\/revisions\/3860"}],"wp:attachment":[{"href":"https:\/\/www.posticum.ro\/de\/wp-json\/wp\/v2\/media?parent=3850"}],"wp:term":[{"taxonomy":"category","embeddable":true,"href":"https:\/\/www.posticum.ro\/de\/wp-json\/wp\/v2\/categories?post=3850"},{"taxonomy":"post_tag","embeddable":true,"href":"https:\/\/www.posticum.ro\/de\/wp-json\/wp\/v2\/tags?post=3850"}],"curies":[{"name":"wp","href":"https:\/\/api.w.org\/{rel}","templated":true}]}}