{"id":3728,"date":"2024-05-28T22:00:00","date_gmt":"2024-05-28T20:00:00","guid":{"rendered":"https:\/\/www.posticum.ro\/?p=3728"},"modified":"2023-11-02T14:22:11","modified_gmt":"2023-11-02T12:22:11","slug":"21-27-of-may-2023-artist-in-residence","status":"publish","type":"post","link":"https:\/\/www.posticum.ro\/de\/21-27-of-may-2023-artist-in-residence\/","title":{"rendered":"MAY 21. -27., 2024.: \u201dARTIST IN RESIDENCE\u201d"},"content":{"rendered":"<div data-elementor-type=\"wp-post\" data-elementor-id=\"3728\" class=\"elementor elementor-3728\">\n\t\t\t\t\t\t<section class=\"has_eae_slider elementor-section elementor-top-section elementor-element elementor-element-d8e8fd8 elementor-section-boxed elementor-section-height-default elementor-section-height-default\" data-id=\"d8e8fd8\" data-element_type=\"section\">\n\t\t\t\t\t\t<div class=\"elementor-container elementor-column-gap-default\">\n\t\t\t\t\t<div class=\"has_eae_slider elementor-column elementor-col-100 elementor-top-column elementor-element elementor-element-e05be50\" data-id=\"e05be50\" data-element_type=\"column\">\n\t\t\t<div class=\"elementor-widget-wrap elementor-element-populated\">\n\t\t\t\t\t\t<div class=\"elementor-element elementor-element-8147134 elementor-widget elementor-widget-image\" data-id=\"8147134\" data-element_type=\"widget\" data-widget_type=\"image.default\">\n\t\t\t\t<div class=\"elementor-widget-container\">\n\t\t\t\t\t\t\t\t\t\t\t\t\t\t\t<img fetchpriority=\"high\" decoding=\"async\" width=\"750\" height=\"407\" src=\"https:\/\/www.posticum.ro\/wp-content\/uploads\/2022\/09\/nicolaus_abd_mariana_01.jpg\" class=\"attachment-large size-large wp-image-3730\" alt=\"\" srcset=\"https:\/\/www.posticum.ro\/wp-content\/uploads\/2022\/09\/nicolaus_abd_mariana_01.jpg 750w, https:\/\/www.posticum.ro\/wp-content\/uploads\/2022\/09\/nicolaus_abd_mariana_01-300x163.jpg 300w\" sizes=\"(max-width: 750px) 100vw, 750px\" \/>\t\t\t\t\t\t\t\t\t\t\t\t\t\t\t<\/div>\n\t\t\t\t<\/div>\n\t\t\t\t<div class=\"elementor-element elementor-element-cd8d16e elementor-widget elementor-widget-text-editor\" data-id=\"cd8d16e\" data-element_type=\"widget\" data-widget_type=\"text-editor.default\">\n\t\t\t\t<div class=\"elementor-widget-container\">\n\t\t\t\t\t\t\t\t\t<div dir=\"ltr\"><span>F\u00fcr das \u00abartist in residence\u00bb-Programm verlegen Pers\u00f6nlichkeiten ihren Wohnsitz f\u00fcr eine bestimmte Zeit ins Posticum<\/span><\/div><p><strong>Begegnung mit Niklaus Brantschen<\/strong><br \/>Internationale Zen-Tage<\/p><p>unter Mitwirkung von <em>Marianne Kaiser, Tanzlehrerin (Z\u00fcrich)<\/em><br \/>und <em>Peter Terness, Zen Lehrer (Heidelberg)<\/em><\/p><p><a href=\"https:\/\/www.thezenhostel.com\/de\/21-27-mai-2024-begegnung-mit-niklaus-branschen-abschied-und-seine-letzten-internationalen-zen-tage\/\" target=\"_blank\" rel=\"noopener\"><strong>Hier gehts zum Programm<\/strong><\/a><\/p><p>DE<br \/>For the \u201cartist in residence\u201d program, personalities move to the Posticum for a specific period of time<\/p><p><strong>Meeting Niklaus Brantschen<\/strong><br \/>International Zen Days<\/p><p>with the participation of <em>Marianne Kaiser, dance teacher (Zurich)<\/em><br \/>und <em>Peter Terness, Zen teacher (Heidelberg)<\/em><\/p><p><strong><a href=\"https:\/\/www.thezenhostel.com\/may-21th-27th-2024-meeting-with-niklaus-branschen-farewell-and-his-last-international-zen-days\/\" target=\"_blank\" rel=\"noopener\">Infos &amp; details here<\/a><br \/><\/strong><br \/>RO<br \/><strong>\u00cent\u00e2lnire cu Niklaus Brantschen<\/strong><br \/>Zilele Interna\u021bionale Zen<\/p><p>cu participarea <em>Marianne Kaiser, profesoar\u0103 de dans (Zurich)<\/em><br \/>\u0219i <em>Peter Terness, profesor Zen (Heidelberg)<\/em><\/p><p><a href=\"https:\/\/www.thezenhostel.com\/ro\/21-27-mai-2024-intalnire-cu-niklaus-brantschen-zilele-internationale-zen\/\" target=\"_blank\" rel=\"noopener\"><strong>Click aici pentru program<\/strong><\/a><\/p><p>DE<br \/><strong>Tal\u00e1lkoz\u00e1s Niklaus Brantschennel<\/strong><br \/>Utols\u00f3 nemzetk\u00f6zi Zen-napok<\/p><p>k\u00f6z\u00f6sen <em>Marianne Kaiser t\u00e1ncm\u0171v\u00e9sszel (Z\u00fcrich)<\/em><br \/>und <em>Peter Terness Zen-tan\u00edt\u00f3val (Heidelberg)<\/em><\/p><p><a href=\"https:\/\/www.thezenhostel.com\/hu\/2024-majus-21-27-talalkozas-niklaus-branschennel-utolso-nemzetkozi-zen-napok\/\" target=\"_blank\" rel=\"noopener\"><strong>Tov\u00e1bbi r\u00e9szletek<\/strong><\/a><\/p><p><\/p>\t\t\t\t\t\t\t\t<\/div>\n\t\t\t\t<\/div>\n\t\t\t\t\t<\/div>\n\t\t<\/div>\n\t\t\t\t\t<\/div>\n\t\t<\/section>\n\t\t\t\t<\/div>","protected":false},"excerpt":{"rendered":"<p>F\u00fcr das \u00abartist in residence\u00bb-Programm verlegen Pers\u00f6nlichkeiten ihren Wohnsitz f\u00fcr eine bestimmte Zeit ins Posticum Begegnung mit Niklaus BrantschenInternationale Zen-Tage unter Mitwirkung von Marianne Kaiser, Tanzlehrerin (Z\u00fcrich)und Peter Terness, Zen Lehrer (Heidelberg) Hier gehts zum Programm ENFor the \u201cartist in residence\u201d program, personalities move to the Posticum for a specific [&hellip;]<\/p>","protected":false},"author":2,"featured_media":0,"comment_status":"open","ping_status":"open","sticky":false,"template":"","format":"standard","meta":{"_exactmetrics_skip_tracking":false,"_exactmetrics_sitenote_active":false,"_exactmetrics_sitenote_note":"","_exactmetrics_sitenote_category":0,"footnotes":""},"categories":[31,4,32,28],"tags":[74,75,76],"class_list":["post-3728","post","type-post","status-publish","format-standard","hentry","category-kulturalis-program","category-meditacio","category-nemzetkozi-program","category-terapia","tag-artist-in-residence-marianne-kaiser","tag-niklaus-brantschen","tag-peter-terness"],"_links":{"self":[{"href":"https:\/\/www.posticum.ro\/de\/wp-json\/wp\/v2\/posts\/3728","targetHints":{"allow":["GET"]}}],"collection":[{"href":"https:\/\/www.posticum.ro\/de\/wp-json\/wp\/v2\/posts"}],"about":[{"href":"https:\/\/www.posticum.ro\/de\/wp-json\/wp\/v2\/types\/post"}],"author":[{"embeddable":true,"href":"https:\/\/www.posticum.ro\/de\/wp-json\/wp\/v2\/users\/2"}],"replies":[{"embeddable":true,"href":"https:\/\/www.posticum.ro\/de\/wp-json\/wp\/v2\/comments?post=3728"}],"version-history":[{"count":80,"href":"https:\/\/www.posticum.ro\/de\/wp-json\/wp\/v2\/posts\/3728\/revisions"}],"predecessor-version":[{"id":4584,"href":"https:\/\/www.posticum.ro\/de\/wp-json\/wp\/v2\/posts\/3728\/revisions\/4584"}],"wp:attachment":[{"href":"https:\/\/www.posticum.ro\/de\/wp-json\/wp\/v2\/media?parent=3728"}],"wp:term":[{"taxonomy":"category","embeddable":true,"href":"https:\/\/www.posticum.ro\/de\/wp-json\/wp\/v2\/categories?post=3728"},{"taxonomy":"post_tag","embeddable":true,"href":"https:\/\/www.posticum.ro\/de\/wp-json\/wp\/v2\/tags?post=3728"}],"curies":[{"name":"wp","href":"https:\/\/api.w.org\/{rel}","templated":true}]}}